{"id":6700,"date":"2019-09-01T19:26:10","date_gmt":"2019-09-01T19:26:10","guid":{"rendered":"http:\/\/www.radiopresidenteibanez.cl\/web\/?p=6700"},"modified":"2019-09-01T19:26:15","modified_gmt":"2019-09-01T19:26:15","slug":"movimiento-unidad-social-de-magallanes-afirma-que-hay-mas-de-500-razones-para-protestar-y-mas-de-500-razones-para-unirse","status":"publish","type":"post","link":"https:\/\/www.radiopresidenteibanez.cl\/web\/movimiento-unidad-social-de-magallanes-afirma-que-hay-mas-de-500-razones-para-protestar-y-mas-de-500-razones-para-unirse\/","title":{"rendered":"MOVIMIENTO UNIDAD SOCIAL DE MAGALLANES AFIRMA QUE HAY M\u00c1S DE \u201c500 RAZONES PARA PROTESTAR Y M\u00c1S DE 500 RAZONES PARA UNIRSE\u201d"},"content":{"rendered":"\n<p>El diagn\u00f3stico es cr\u00edtico: precariedad, abusos y p\u00e9rdida sistem\u00e1tica de derechos, jubilaciones que te dejan en la pobreza, falta y acceso a viviendas, ausencia de una educaci\u00f3n p\u00fablica de calidad, desigualdad hacia la mujer, abuso laboral, corrupci\u00f3n, depredaci\u00f3n del medio ambiente.&nbsp; Se trata de un petitorio que entrega m\u00e1s de \u201c500 razones para protestar y m\u00e1s de 500 razones para unirse\u201d, explic\u00f3 Doris Sandoval, presidenta de la Anef, respecto al movimiento recientemente creado.<\/p>\n\n\n\n<p>La nueva organizaci\u00f3n denominada Unidad Social de Magallanes convoca a m\u00e1s de 30 agrupaciones sociales y va en crecimiento. Aseguran que los alienta el pluralismo y la reflexi\u00f3n sobre un modelo que genera infelicidad.&nbsp; Y como primera actividad invitan a la comunidad a sumarse a la marcha nacional del pr\u00f3ximo 5 de septiembre.<\/p>\n\n\n\n<p>La actividad se inicia a las 19 horas, en un acto simb\u00f3lico en la intersecci\u00f3n de las calles Err\u00e1zuriz con Armando Sanhueza, en la ex sede de la Federaci\u00f3n Obrera de Magallanes.&nbsp; Posteriormente, cerca de las 19:30, concluye con un acto art\u00edstico en la plaza Mu\u00f1oz Gamero.<\/p>\n\n\n\n<p>\u201cNos cansamos de ver c\u00f3mo se construye un modelo injusto que atraviesa las distintas esferas de la vida. Y porque nos cansamos, nos unimos\u201d, asegur\u00f3 Sandoval, una de las voceras de Unidad Social.<\/p>\n\n\n\n<p>Por su parte, Nikos Ortega, presidente de la Feumag y tambi\u00e9n vocero del movimiento, asegur\u00f3 que entre los j\u00f3venes existe cada vez m\u00e1s conciencia de la importancia de unirse y trabajar junto al \u201cmundo social\u201d.<\/p>\n\n\n\n<p>\u201cLos problemas de la educaci\u00f3n p\u00fablica no est\u00e1n resueltos.&nbsp; Creemos que es necesario sumarnos y poder hacer un trabajo en conjunto. Hay que visibilizar todos los problemas que tenemos en Chile actualmente\u201d, precis\u00f3 Ortega.<\/p>\n\n\n\n<p>En tanto Vilma Catepill\u00e1n, de la agrupaci\u00f3n Feminista Mujeres de la Patagonia, resalt\u00f3 el pluralismo de la convocatoria.&nbsp; \u201cYa es tiempo de decir basta y de unirnos.&nbsp; No queremos vulneraci\u00f3n de derechos. Invitamos a las mujeres, a todas, a participar de la marcha y entregar su petitorio\u201d, indic\u00f3. &nbsp;<\/p>\n\n\n\n<p>La presentaci\u00f3n del movimiento la hicieron en la plaza de Armas, frente a la Intendencia, entregando volantes a los transe\u00fantes e invitando a la comunidad a transformarse en protagonistas de los cambios.&nbsp; El primer desaf\u00edo es sumarse a la marcha nacional convocada para el pr\u00f3ximo 5 de septiembre.<\/p>\n","protected":false},"excerpt":{"rendered":"<p>El diagn\u00f3stico es cr\u00edtico: precariedad, abusos y p\u00e9rdida sistem\u00e1tica de derechos, jubilaciones que te dejan en la pobreza, falta y acceso a viviendas, ausencia de una educaci\u00f3n p\u00fablica de calidad,&#8230; <a class=\"read-more\" href=\"https:\/\/www.radiopresidenteibanez.cl\/web\/movimiento-unidad-social-de-magallanes-afirma-que-hay-mas-de-500-razones-para-protestar-y-mas-de-500-razones-para-unirse\/\">Leer m\u00e1s<\/a><\/p>\n","protected":false},"author":2,"featured_media":6701,"comment_status":"closed","ping_status":"closed","sticky":false,"template":"","format":"standard","meta":{"footnotes":""},"categories":[1],"tags":[],"class_list":["post-6700","post","type-post","status-publish","format-standard","has-post-thumbnail","hentry","category-cronica"],"_links":{"self":[{"href":"https:\/\/www.radiopresidenteibanez.cl\/web\/wp-json\/wp\/v2\/posts\/6700","targetHints":{"allow":["GET"]}}],"collection":[{"href":"https:\/\/www.radiopresidenteibanez.cl\/web\/wp-json\/wp\/v2\/posts"}],"about":[{"href":"https:\/\/www.radiopresidenteibanez.cl\/web\/wp-json\/wp\/v2\/types\/post"}],"author":[{"embeddable":true,"href":"https:\/\/www.radiopresidenteibanez.cl\/web\/wp-json\/wp\/v2\/users\/2"}],"replies":[{"embeddable":true,"href":"https:\/\/www.radiopresidenteibanez.cl\/web\/wp-json\/wp\/v2\/comments?post=6700"}],"version-history":[{"count":0,"href":"https:\/\/www.radiopresidenteibanez.cl\/web\/wp-json\/wp\/v2\/posts\/6700\/revisions"}],"wp:featuredmedia":[{"embeddable":true,"href":"https:\/\/www.radiopresidenteibanez.cl\/web\/wp-json\/wp\/v2\/media\/6701"}],"wp:attachment":[{"href":"https:\/\/www.radiopresidenteibanez.cl\/web\/wp-json\/wp\/v2\/media?parent=6700"}],"wp:term":[{"taxonomy":"category","embeddable":true,"href":"https:\/\/www.radiopresidenteibanez.cl\/web\/wp-json\/wp\/v2\/categories?post=6700"},{"taxonomy":"post_tag","embeddable":true,"href":"https:\/\/www.radiopresidenteibanez.cl\/web\/wp-json\/wp\/v2\/tags?post=6700"}],"curies":[{"name":"wp","href":"https:\/\/api.w.org\/{rel}","templated":true}]}}