{"id":6692,"date":"2019-08-31T16:03:16","date_gmt":"2019-08-31T16:03:16","guid":{"rendered":"http:\/\/www.radiopresidenteibanez.cl\/web\/?p=6692"},"modified":"2019-08-31T16:03:20","modified_gmt":"2019-08-31T16:03:20","slug":"mas-de-mil-puestos-de-trabajo-ofrecera-feria-laboral-sence-2019","status":"publish","type":"post","link":"https:\/\/www.radiopresidenteibanez.cl\/web\/mas-de-mil-puestos-de-trabajo-ofrecera-feria-laboral-sence-2019\/","title":{"rendered":"M\u00c1S DE MIL PUESTOS DE TRABAJO OFRECER\u00c1 FERIA LABORAL SENCE 2019"},"content":{"rendered":"\n<p>El pr\u00f3ximo martes (3 de septiembre), la comunidad magall\u00e1nica est\u00e1\ninvitada a participar de la Feria Laboral Sence 2019, que se realizar\u00e1 entre\nlas 10 y 19 horas, en el sal\u00f3n de eventos del Hotel Dreams de Punta Arenas. <\/p>\n\n\n\n<p>Este a\u00f1o, la oferta contempla 1.035 puestos de trabajo, superando la\nmeta autoimpuesta de ofrecer m\u00e1s de mil empleos a la comunidad. <\/p>\n\n\n\n<p>\u201cHa sido un desaf\u00edo importante y la verdad es que, cumpliendo con lo\nmandatado por el Presidente Sebasti\u00e1n Pi\u00f1era, este a\u00f1o hemos casi duplicado el\nn\u00famero de puestos de trabajo que ofrecimos el a\u00f1o pasado. El a\u00f1o pasado\nten\u00edamos 540 puestos de trabajo, este a\u00f1o alcanzamos los 1.035, lo que es un\nn\u00famero hist\u00f3rico que demuestra que, efectivamente, la econom\u00eda de la regi\u00f3n\nsigue creciendo\u201d, afirm\u00f3 la secretaria regional ministerial del Trabajo y\nPrevisi\u00f3n Social, Victoria Cort\u00e9s, en el marco de una actividad de difusi\u00f3n\nrealizada en el hall central de ZonAustral (Zona Franca).<\/p>\n\n\n\n<p>Bajo el eslogan #HayPega, el evento buscar\u00e1 que los asistentes opten a\nun empleo digno y con una remuneraci\u00f3n justa. En este contexto, la Feria\nLaboral 2019 cuenta con 31 empresas ofertantes inscritas, adem\u00e1s del Servicio\nNacional de Capacitaci\u00f3n y Empleo (Sence) y la Oficina Municipal de\nIntermediaci\u00f3n Laboral (Omil). <\/p>\n\n\n\n<p>\u201cEs fundamental generar estas alianzas, con el Gobierno, con las\nempresas y con la Municipalidad, como facilitador. Hemos hecho un gran trabajo.\nQuiero se\u00f1alar que como Omil tenemos siempre m\u00e1s de 30 puestos semanales,\ncoordinados con el ministerio, coordinados con las empresas y con una alta tasa\nde empresas que contratan a las personas que enviamos desde la Municipalidad\u201d,\nindic\u00f3 el alcalde de Punta Arenas, Claudio Radonich, quien invit\u00f3 a la\ncomunidad a participar de la feria. <\/p>\n\n\n\n<p>Es importante destacar\nque este a\u00f1o, los asistentes podr\u00e1n fotocopiar e imprimir sus Curr\u00edculum Vitae\nsin costo alguno en la feria, adem\u00e1s de poder acceder a informaci\u00f3n respecto de\nfuturas actividades y capacitaciones del Sence.<\/p>\n\n\n\n<p>Entre sus objetivos,\nel evento busca contribuir a la empleabilidad regional, a fin de mantener a\nraya el desempleo en Magallanes, cuya tasa se encuentra en un 3,1%, seg\u00fan el\n\u00faltimo trimestre analizado. <\/p>\n\n\n\n<p>Por eso, las empresas\ninscritas corresponden a distintos rubros, como comercio, hoteler\u00eda, construcci\u00f3n,\npesca, distribuidoras de alimentos, organismos estatales, entre otros.<\/p>\n","protected":false},"excerpt":{"rendered":"<p>El pr\u00f3ximo martes (3 de septiembre), la comunidad magall\u00e1nica est\u00e1 invitada a participar de la Feria Laboral Sence 2019, que se realizar\u00e1 entre las 10 y 19 horas, en el&#8230; <a class=\"read-more\" href=\"https:\/\/www.radiopresidenteibanez.cl\/web\/mas-de-mil-puestos-de-trabajo-ofrecera-feria-laboral-sence-2019\/\">Leer m\u00e1s<\/a><\/p>\n","protected":false},"author":2,"featured_media":6693,"comment_status":"closed","ping_status":"closed","sticky":false,"template":"","format":"standard","meta":{"footnotes":""},"categories":[1],"tags":[],"class_list":["post-6692","post","type-post","status-publish","format-standard","has-post-thumbnail","hentry","category-cronica"],"_links":{"self":[{"href":"https:\/\/www.radiopresidenteibanez.cl\/web\/wp-json\/wp\/v2\/posts\/6692","targetHints":{"allow":["GET"]}}],"collection":[{"href":"https:\/\/www.radiopresidenteibanez.cl\/web\/wp-json\/wp\/v2\/posts"}],"about":[{"href":"https:\/\/www.radiopresidenteibanez.cl\/web\/wp-json\/wp\/v2\/types\/post"}],"author":[{"embeddable":true,"href":"https:\/\/www.radiopresidenteibanez.cl\/web\/wp-json\/wp\/v2\/users\/2"}],"replies":[{"embeddable":true,"href":"https:\/\/www.radiopresidenteibanez.cl\/web\/wp-json\/wp\/v2\/comments?post=6692"}],"version-history":[{"count":0,"href":"https:\/\/www.radiopresidenteibanez.cl\/web\/wp-json\/wp\/v2\/posts\/6692\/revisions"}],"wp:featuredmedia":[{"embeddable":true,"href":"https:\/\/www.radiopresidenteibanez.cl\/web\/wp-json\/wp\/v2\/media\/6693"}],"wp:attachment":[{"href":"https:\/\/www.radiopresidenteibanez.cl\/web\/wp-json\/wp\/v2\/media?parent=6692"}],"wp:term":[{"taxonomy":"category","embeddable":true,"href":"https:\/\/www.radiopresidenteibanez.cl\/web\/wp-json\/wp\/v2\/categories?post=6692"},{"taxonomy":"post_tag","embeddable":true,"href":"https:\/\/www.radiopresidenteibanez.cl\/web\/wp-json\/wp\/v2\/tags?post=6692"}],"curies":[{"name":"wp","href":"https:\/\/api.w.org\/{rel}","templated":true}]}}