{"id":6682,"date":"2019-08-31T15:38:38","date_gmt":"2019-08-31T15:38:38","guid":{"rendered":"http:\/\/www.radiopresidenteibanez.cl\/web\/?p=6682"},"modified":"2019-08-31T15:38:44","modified_gmt":"2019-08-31T15:38:44","slug":"subsecretario-de-redes-asistenciales-visito-hospital-de-puerto-natales","status":"publish","type":"post","link":"https:\/\/www.radiopresidenteibanez.cl\/web\/subsecretario-de-redes-asistenciales-visito-hospital-de-puerto-natales\/","title":{"rendered":"SUBSECRETARIO DE REDES ASISTENCIALES VISIT\u00d3 HOSPITAL DE PUERTO NATALES"},"content":{"rendered":"\n<p>A primera hora del jueves arrib\u00f3\nal aer\u00f3dromo de Puerto Natales el Subsecretario de Redes Asistenciales, Arturo\nZ\u00fa\u00f1iga, junto a la diputada Sandra Amar; el director del Servicio de Salud,\nNelson Reyes y la Seremi de la Cartera, Mariela Rojas. <\/p>\n\n\n\n<p>Esto luego de que la diputada\nAmar y la gobernadora de \u00daltima Esperanza, Ana Mayorga, sostuvieran diversas reuniones\ncon autoridades del MINSAL producto de algunos hechos ocurridos en dicho\nrecinto que encendieron alertas en las autoridades.<\/p>\n\n\n\n<p>Durante la visita el\nSusbsecretario recorri\u00f3 el Cesfam, el hospital Augusto Essmann y se reuni\u00f3 con\nel personal con el objetivo de ver in situ c\u00f3mo es el funcionamiento del\nrecinto y adem\u00e1s, para informar algo que el calific\u00f3 como buenas noticias: 23\nespecialistas llegar\u00e1n a la regi\u00f3n.<\/p>\n\n\n\n<p>Zu\u00f1iga asegur\u00f3 que estos\nespecialistas dotar\u00e1n los hospitales de Punta Arenas y Puerto Natales, y que\nson parte del Programa de Formaci\u00f3n de Especialistas del Ministerio de Salud\nque actualmente forma mil cien especialistas al a\u00f1o. \u201cDespu\u00e9s de su periodo de\nformaci\u00f3n son destinados a regiones y para el MINSAL la prioridad son las\nregiones aisladas como Magallanes\u201d.<\/p>\n\n\n\n<p>Consultado por la falta de\nonc\u00f3logos, la autoridad ministerial se\u00f1al\u00f3 estar al tanto del problema. A su\nvez aclar\u00f3 que la oncolog\u00eda es una subespecialidad \u201cpor lo tanto cuando traemos\nm\u00e9dicos internistas, obviamente se abre la posibilidad de que esos m\u00e9dicos sean\nformados como onc\u00f3logos, porque eso requiere de dos a\u00f1os m\u00e1s de formaci\u00f3n\u201d.<\/p>\n\n\n\n<p>Respecto a la situaci\u00f3n del\nhospital de Natales y la falta de pediatras Z\u00fa\u00f1iga se\u00f1al\u00f3 que \u201cesto fue\noficializado por el director Darwin Letelier, por lo que intentaremos\nsolucionarlo en el corto plazo\u201d.<\/p>\n\n\n\n<p>En cuanto a los sumarios que a\u00fan\nse encuentran pendientes producto de la muerte de dos lactantes en el hospital\nAugusto Essmann, el Subsecretario lament\u00f3 la situaci\u00f3n y asegur\u00f3 que \u201che\nsolicitado que se de m\u00e1xima celeridad al cierre de esos sumarios para que se\ninvestigue con profundidad y se determinen las responsabilidades. No tenemos\nnada que esconder\u201d.<\/p>\n\n\n\n<p>Por su parte, la diputada Sandra\nAmar valor\u00f3 el cumplimiento de los compromisos adquiridos por la Subsecretar\u00eda\nde Redes Asistenciales y asegur\u00f3 que \u201cdesde el momento en que nos enteramos de\nla compleja situaci\u00f3n que atravesaba el hospital de Puerto Natales, concurrimos\ncon la gobernadora provincial a plantear las inquietudes y necesidades que exist\u00edan.\nSolicitamos que se nombrara a un director, que la Divisi\u00f3n de Gesti\u00f3n de Redes\nAsistenciales viajara para conocer in situ la realidad, as\u00ed como tambi\u00e9n el\nSubsecretario, y todo se ha cumplido\u201d. Y agreg\u00f3, \u201cno queda m\u00e1s que agradecer el\ncompromiso con los habitantes de Magallanes\u201d.<\/p>\n\n\n\n<p>Quien tambi\u00e9n tuvo palabras de\nagradecimiento fue la Gobernadora de \u00daltima Esperanza, Ana Mayorga. \u201cAqu\u00ed\nexiste un compromiso real y concreto del gobierno del Presidente Pi\u00f1era y del\nMinsal. Nos queda claro con la visita del subsecretario de Redes Asistenciales,\npero tambi\u00e9n por el trabajo que se ha realizado en equipo, con la diputada\nSandra Amar, el alcalde Fernando Paredes y todas las autoridades que estamos en\nla provincia \u00daltima Esperanza\u201d, y agreg\u00f3 que \u201ces muy importante que el\nsubsecretario conozca en terreno lo que se est\u00e1 realizando en este hospital,\npor lo que podemos entregar la tranquilidad a la comunidad de que se va\navanzando\u201d.<\/p>\n\n\n\n<p>El Director del Servicio de Salud\nde Magallanes, Nelson Reyes, destac\u00f3 la visita del Subsecretario y asegur\u00f3 que\n\u201ctrabajar en conjunto es positivo ya que todos queremos lograr que el hospital\nvuelva a posicionarse dentro de la Regi\u00f3n. Tenemos una muy buena\ninfraestructura, tenemos la posibilidad de incorporar a nuevos profesionales,\nde tal forma de trabajar en conjunto con la comunidad para que esta se sienta\nsegura y vuelva a cercarse al hospital\u201d. El director asegur\u00f3 que estas\ngestiones no terminan aqu\u00ed y que \u201chay que contar con un di\u00e1logo permanente\u201d.<\/p>\n","protected":false},"excerpt":{"rendered":"<p>A primera hora del jueves arrib\u00f3 al aer\u00f3dromo de Puerto Natales el Subsecretario de Redes Asistenciales, Arturo Z\u00fa\u00f1iga, junto a la diputada Sandra Amar; el director del Servicio de Salud,&#8230; <a class=\"read-more\" href=\"https:\/\/www.radiopresidenteibanez.cl\/web\/subsecretario-de-redes-asistenciales-visito-hospital-de-puerto-natales\/\">Leer m\u00e1s<\/a><\/p>\n","protected":false},"author":2,"featured_media":6665,"comment_status":"closed","ping_status":"closed","sticky":false,"template":"","format":"standard","meta":{"footnotes":""},"categories":[1],"tags":[],"class_list":["post-6682","post","type-post","status-publish","format-standard","has-post-thumbnail","hentry","category-cronica"],"_links":{"self":[{"href":"https:\/\/www.radiopresidenteibanez.cl\/web\/wp-json\/wp\/v2\/posts\/6682","targetHints":{"allow":["GET"]}}],"collection":[{"href":"https:\/\/www.radiopresidenteibanez.cl\/web\/wp-json\/wp\/v2\/posts"}],"about":[{"href":"https:\/\/www.radiopresidenteibanez.cl\/web\/wp-json\/wp\/v2\/types\/post"}],"author":[{"embeddable":true,"href":"https:\/\/www.radiopresidenteibanez.cl\/web\/wp-json\/wp\/v2\/users\/2"}],"replies":[{"embeddable":true,"href":"https:\/\/www.radiopresidenteibanez.cl\/web\/wp-json\/wp\/v2\/comments?post=6682"}],"version-history":[{"count":0,"href":"https:\/\/www.radiopresidenteibanez.cl\/web\/wp-json\/wp\/v2\/posts\/6682\/revisions"}],"wp:featuredmedia":[{"embeddable":true,"href":"https:\/\/www.radiopresidenteibanez.cl\/web\/wp-json\/wp\/v2\/media\/6665"}],"wp:attachment":[{"href":"https:\/\/www.radiopresidenteibanez.cl\/web\/wp-json\/wp\/v2\/media?parent=6682"}],"wp:term":[{"taxonomy":"category","embeddable":true,"href":"https:\/\/www.radiopresidenteibanez.cl\/web\/wp-json\/wp\/v2\/categories?post=6682"},{"taxonomy":"post_tag","embeddable":true,"href":"https:\/\/www.radiopresidenteibanez.cl\/web\/wp-json\/wp\/v2\/tags?post=6682"}],"curies":[{"name":"wp","href":"https:\/\/api.w.org\/{rel}","templated":true}]}}