{"id":6675,"date":"2019-08-30T20:06:55","date_gmt":"2019-08-30T20:06:55","guid":{"rendered":"http:\/\/www.radiopresidenteibanez.cl\/web\/?p=6675"},"modified":"2019-08-30T20:07:02","modified_gmt":"2019-08-30T20:07:02","slug":"cuerpo-de-bomberos-de-luto-por-fallecimiento-de-bombero-honorario-de-la-institucion","status":"publish","type":"post","link":"https:\/\/www.radiopresidenteibanez.cl\/web\/cuerpo-de-bomberos-de-luto-por-fallecimiento-de-bombero-honorario-de-la-institucion\/","title":{"rendered":"CUERPO DE BOMBEROS DE LUTO POR FALLECIMIENTO DE BOMBERO HONORARIO DE LA INSTITUCI\u00d3N"},"content":{"rendered":"\n<p>A la edad de 61 a\u00f1os falleci\u00f3 la ma\u00f1ana de este viernes 30 de agosto,\nel Bombero Honorario del Cuerpo de Bomberos de Punta Arenas, Osvaldo Barrientos\nGragge, quien durante gran parte de su vida bomberil cumpli\u00f3 funciones como\nintegrante de la Sexta Compa\u00f1\u00eda \u201cBomba Espa\u00f1a\u201d. <\/p>\n\n\n\n<p>Barrientos ocupo distintos cargos en la instituci\u00f3n, tanto en su Compa\u00f1\u00eda,\ndonde fue Teniente, Capit\u00e1n y tambi\u00e9n Director, como al igual ocup\u00f3 los cargos\ncomo Oficial General, como Tercer y Segundo Comandante, adem\u00e1s de mantenerse\nactivo en distintos departamentos, entre ellos el de Investigaci\u00f3n de Incendios.\n<\/p>\n\n\n\n<p>Durante los \u00faltimos meses, Osvaldo Barrientos mantuvo problemas de\nsalud, los que se fueron agravando con el paso de los meses, terminando por\ncostarle la vida al voluntario que cumpli\u00f3 42 a\u00f1os de servicio. <\/p>\n\n\n\n<p>Este viernes, al mediod\u00eda, y luego de conocida la informaci\u00f3n, en\ndependencias de la Superintendencia en calle Chilo\u00e9 de Punta Arenas, se\nconstituy\u00f3 el Directorio General de la Instituci\u00f3n, donde se decretaron tres\nd\u00edas de duelo institucional, adem\u00e1s de otras medidas para que sea despedido con\nhonores. <\/p>\n\n\n\n<p>Patricio C\u00e1rdenas, Superintendente de Bomberos, adem\u00e1s de lamentar lo\nocurrido con el voluntario, se\u00f1al\u00f3 que ser\u00e1 despedido por todos los\nvoluntarios, en el funeral que se realizar\u00e1 la tarde del domingo. <\/p>\n\n\n\n<p>\u201cPrimero expresar un sentimiento enorme, por la p\u00e9rdida de un\nvoluntario, un miembro Honorario del Cuerpo, con una trayectoria amplia, en\ndistintos puestos dentro de la Instituci\u00f3n, por lo que se acord\u00f3 decretar duelo\npor 72 horas, hasta el mediod\u00eda del lunes. Sale todo el Cuerpo de Bomberos,\ncomenzamos con las Guardias de Honor, los funerales ser\u00e1n el domingo, 18:15\nhoras el responso y luego sale el funeral hasta el Cementerio Municipal\u201d,\nmanifest\u00f3 C\u00e1rdenas. <\/p>\n\n\n\n<p>Leonardo Palma, Director de la Sexta Compa\u00f1\u00eda, dijo que se encuentran\nmuy afectados por el fallecimiento de Barrientos, se\u00f1alando que m\u00e1s que camaradas,\nfueron amigos durante toda su vida bomberil. <\/p>\n\n\n\n<p>\u201cEs una gran p\u00e9rdida, para la Compa\u00f1\u00eda, un gran Bombero, vivi\u00f3 toda su\nvida para los Bomberos, un gran aporte del Cuerpo, fue Comandante, integr\u00f3 por\nmuchos a\u00f1os la mesa del Directorio General. La partida de nuestro Honorario nos\ngolpea muy duro, nosotros nunca hemos estado preparados para estas\ncircunstancias, que nos golpea tan fuerte y estamos muy dolidos. Estamos todos\ncon una infinita pena por la irreparable p\u00e9rdida de nuestro bombero y amigo\nOsvaldo Juan Barrientos Gragge\u201d, se\u00f1al\u00f3 Palma. <\/p>\n\n\n\n<p>El cuerpo del Bombero Honorario Osvaldo Barrientos fue trasladado la\ntarde de este viernes al Cuartel de la Sexta Compa\u00f1\u00eda, ubicado en Avenida\nEspa\u00f1a 2139, donde ser\u00e1 velado y los funerales se efectuar\u00e1n el domingo, a las\n18:15 horas partiendo el cortejo desde dicho lugar hasta el Cementerio\nMunicipal de Punta Arenas. <\/p>\n","protected":false},"excerpt":{"rendered":"<p>A la edad de 61 a\u00f1os falleci\u00f3 la ma\u00f1ana de este viernes 30 de agosto, el Bombero Honorario del Cuerpo de Bomberos de Punta Arenas, Osvaldo Barrientos Gragge, quien durante&#8230; <a class=\"read-more\" href=\"https:\/\/www.radiopresidenteibanez.cl\/web\/cuerpo-de-bomberos-de-luto-por-fallecimiento-de-bombero-honorario-de-la-institucion\/\">Leer m\u00e1s<\/a><\/p>\n","protected":false},"author":2,"featured_media":6676,"comment_status":"closed","ping_status":"closed","sticky":false,"template":"","format":"standard","meta":{"footnotes":""},"categories":[1],"tags":[],"class_list":["post-6675","post","type-post","status-publish","format-standard","has-post-thumbnail","hentry","category-cronica"],"_links":{"self":[{"href":"https:\/\/www.radiopresidenteibanez.cl\/web\/wp-json\/wp\/v2\/posts\/6675","targetHints":{"allow":["GET"]}}],"collection":[{"href":"https:\/\/www.radiopresidenteibanez.cl\/web\/wp-json\/wp\/v2\/posts"}],"about":[{"href":"https:\/\/www.radiopresidenteibanez.cl\/web\/wp-json\/wp\/v2\/types\/post"}],"author":[{"embeddable":true,"href":"https:\/\/www.radiopresidenteibanez.cl\/web\/wp-json\/wp\/v2\/users\/2"}],"replies":[{"embeddable":true,"href":"https:\/\/www.radiopresidenteibanez.cl\/web\/wp-json\/wp\/v2\/comments?post=6675"}],"version-history":[{"count":0,"href":"https:\/\/www.radiopresidenteibanez.cl\/web\/wp-json\/wp\/v2\/posts\/6675\/revisions"}],"wp:featuredmedia":[{"embeddable":true,"href":"https:\/\/www.radiopresidenteibanez.cl\/web\/wp-json\/wp\/v2\/media\/6676"}],"wp:attachment":[{"href":"https:\/\/www.radiopresidenteibanez.cl\/web\/wp-json\/wp\/v2\/media?parent=6675"}],"wp:term":[{"taxonomy":"category","embeddable":true,"href":"https:\/\/www.radiopresidenteibanez.cl\/web\/wp-json\/wp\/v2\/categories?post=6675"},{"taxonomy":"post_tag","embeddable":true,"href":"https:\/\/www.radiopresidenteibanez.cl\/web\/wp-json\/wp\/v2\/tags?post=6675"}],"curies":[{"name":"wp","href":"https:\/\/api.w.org\/{rel}","templated":true}]}}