{"id":6664,"date":"2019-08-29T21:37:14","date_gmt":"2019-08-29T21:37:14","guid":{"rendered":"http:\/\/www.radiopresidenteibanez.cl\/web\/?p=6664"},"modified":"2019-08-29T21:37:19","modified_gmt":"2019-08-29T21:37:19","slug":"subsecretario-de-redes-asistenciales-cierra-visita-a-la-region-de-magallanes-en-puerto-natales","status":"publish","type":"post","link":"https:\/\/www.radiopresidenteibanez.cl\/web\/subsecretario-de-redes-asistenciales-cierra-visita-a-la-region-de-magallanes-en-puerto-natales\/","title":{"rendered":"SUBSECRETARIO DE REDES ASISTENCIALES CIERRA VISITA A LA REGI\u00d3N DE MAGALLANES EN PUERTO NATALES"},"content":{"rendered":"\n<p>El Subsecretario de\nRedes Asistenciales, Arturo Z\u00fa\u00f1iga, cerr\u00f3 su visita a la Regi\u00f3n de Magallanes\nen Puerto Natales, donde comenz\u00f3 su jornada con un saludo protocolar a la Gobernadora\nde \u00daltima Esperanza, Ana Mayorga, acompa\u00f1ado por el Director del Servicio de\nSalud Magallanes, Nelson Reyes; la Seremi de Salud, Mariela Rojas, el alcalde\nde Puerto Natales, Fernando Paredes, y el Director del Hospital de Puerto\nNatales, Dr. Darwin Letelier.<\/p>\n\n\n\n<p>Efectuaron un recorrido por el CESFAM Juan Lozic de Puerto Natales, para luego dirigirse al establecimiento de salud Dr. Augusto Essmann Burgos, donde sostuvo reuniones con sus directivos y la comunidad hospitalaria, adem\u00e1s de conocer sus instalaciones.<\/p>\n\n\n\n<p>El Subsecretario de Redes Asistenciales, Arturo Z\u00fa\u00f1iga, asegur\u00f3 que \u201cestamos muy conformes con los 400 funcionarios que trabajan en el Hospital de Puerto Natales, los queremos cuidar. Tenemos un establecimiento de lujo en la capital de \u00daltima Esperanza y tenemos que seguir trabajando para seguir trayendo especialistas como los que anunciamos ayer\u201d.<\/p>\n\n\n\n<p>Por su parte, el Director del Servicio de Salud Magallanes, Nelson Reyes, reiter\u00f3 los compromisos que se han tomado que consiste \u201cen un plan de trabajo para recuperar la confianza de la comunidad con nuestro Hospital, instalar un nuevo Director, apoyar la incorporaci\u00f3n de nuevos especialistas. La visita del Subsecretario habla de nuestro trabajo en conjunto, tenemos todos un objetivo final de lograr que este establecimiento vuelva a posicionarse dentro de la Regi\u00f3n\u201d.<\/p>\n\n\n\n<p>El Director del Hospital de Puerto Natales, Dr. Darwin Letelier, manifest\u00f3 que se est\u00e1 trabajando para motivar a especialistas que vengan a trabajar a Puerto Natales: \u201cSi usted solo ofrece una casa linda no basta, hay que ofrecer proyectos, ideas y con eso los m\u00e9dicos se motivan, adem\u00e1s de capacitaci\u00f3n y una buena infraestructura, hay que ofrecerle futuro y no solo dinero. En eso estamos, lo conversamos con el Subsecretario y el Director del Servicio de Salud para tener \u00e1reas de desarrollo m\u00e9dico\u201d.<\/p>\n","protected":false},"excerpt":{"rendered":"<p>El Subsecretario de Redes Asistenciales, Arturo Z\u00fa\u00f1iga, cerr\u00f3 su visita a la Regi\u00f3n de Magallanes en Puerto Natales, donde comenz\u00f3 su jornada con un saludo protocolar a la Gobernadora de&#8230; <a class=\"read-more\" href=\"https:\/\/www.radiopresidenteibanez.cl\/web\/subsecretario-de-redes-asistenciales-cierra-visita-a-la-region-de-magallanes-en-puerto-natales\/\">Leer m\u00e1s<\/a><\/p>\n","protected":false},"author":2,"featured_media":6665,"comment_status":"closed","ping_status":"closed","sticky":false,"template":"","format":"standard","meta":{"footnotes":""},"categories":[1],"tags":[],"class_list":["post-6664","post","type-post","status-publish","format-standard","has-post-thumbnail","hentry","category-cronica"],"_links":{"self":[{"href":"https:\/\/www.radiopresidenteibanez.cl\/web\/wp-json\/wp\/v2\/posts\/6664","targetHints":{"allow":["GET"]}}],"collection":[{"href":"https:\/\/www.radiopresidenteibanez.cl\/web\/wp-json\/wp\/v2\/posts"}],"about":[{"href":"https:\/\/www.radiopresidenteibanez.cl\/web\/wp-json\/wp\/v2\/types\/post"}],"author":[{"embeddable":true,"href":"https:\/\/www.radiopresidenteibanez.cl\/web\/wp-json\/wp\/v2\/users\/2"}],"replies":[{"embeddable":true,"href":"https:\/\/www.radiopresidenteibanez.cl\/web\/wp-json\/wp\/v2\/comments?post=6664"}],"version-history":[{"count":0,"href":"https:\/\/www.radiopresidenteibanez.cl\/web\/wp-json\/wp\/v2\/posts\/6664\/revisions"}],"wp:featuredmedia":[{"embeddable":true,"href":"https:\/\/www.radiopresidenteibanez.cl\/web\/wp-json\/wp\/v2\/media\/6665"}],"wp:attachment":[{"href":"https:\/\/www.radiopresidenteibanez.cl\/web\/wp-json\/wp\/v2\/media?parent=6664"}],"wp:term":[{"taxonomy":"category","embeddable":true,"href":"https:\/\/www.radiopresidenteibanez.cl\/web\/wp-json\/wp\/v2\/categories?post=6664"},{"taxonomy":"post_tag","embeddable":true,"href":"https:\/\/www.radiopresidenteibanez.cl\/web\/wp-json\/wp\/v2\/tags?post=6664"}],"curies":[{"name":"wp","href":"https:\/\/api.w.org\/{rel}","templated":true}]}}