{"id":6661,"date":"2019-08-29T21:32:50","date_gmt":"2019-08-29T21:32:50","guid":{"rendered":"http:\/\/www.radiopresidenteibanez.cl\/web\/?p=6661"},"modified":"2019-08-29T21:32:54","modified_gmt":"2019-08-29T21:32:54","slug":"adultos-mayores-realizaran-muestra-de-talleres-municipales-en-el-mall-espacio-urbano","status":"publish","type":"post","link":"https:\/\/www.radiopresidenteibanez.cl\/web\/adultos-mayores-realizaran-muestra-de-talleres-municipales-en-el-mall-espacio-urbano\/","title":{"rendered":"ADULTOS MAYORES REALIZAR\u00c1N MUESTRA DE TALLERES MUNICIPALES EN EL MALL ESPACIO URBANO"},"content":{"rendered":"\n<p>Con el objetivo de mostrar a la comunidad parte de los\ntalleres que desarrolla la Unidad de Adulto Mayor del Municipio de Punta\nArenas, dependiente de la Direcci\u00f3n de Desarrollo Comunitario (Dideco), este\ns\u00e1bado (31 de agosto), entre las 14 y 19 horas, se realizar\u00e1 una peque\u00f1a\nmuestra de algunas de las actividades que llevan adelante los adultos mayores\nde la comuna.<\/p>\n\n\n\n<p>Talleres de gimnasia, junto con los trabajos de los talleres\nde bordado mexicano y de retablo, ser\u00e1n expuestos en el mall Espacio Urbano\nPionero, como una manera de incentivar a otros adultos mayores a realizar\nactividades.<\/p>\n\n\n\n<p>\u201cQueremos mostrar que en Punta Arenas tenemos adultos\nmayores activos y con muchas habilidades. Y por eso, hemos decidido mostrar\nparte de lo que se est\u00e1 haciendo en los 16 talleres que se realizan desde el\nMunicipio y donde participan m\u00e1s de 500 adultos mayores de la comuna. Esperamos\nque la comunidad nos acompa\u00f1e ese d\u00eda y pueda conocer el trabajo que realizan\nnuestras personas mayores\u201d, afirm\u00f3 la directora de Desarrollo Comunitario,\nElena Blackwood.<\/p>\n\n\n\n<p>Cabe recordar que entre los talleres impartidos, destacan\nyoga, guitarra, mosaico, activaci\u00f3n de la memoria, gimnasia, risoterapia, entre\notros.<\/p>\n","protected":false},"excerpt":{"rendered":"<p>Con el objetivo de mostrar a la comunidad parte de los talleres que desarrolla la Unidad de Adulto Mayor del Municipio de Punta Arenas, dependiente de la Direcci\u00f3n de Desarrollo&#8230; <a class=\"read-more\" href=\"https:\/\/www.radiopresidenteibanez.cl\/web\/adultos-mayores-realizaran-muestra-de-talleres-municipales-en-el-mall-espacio-urbano\/\">Leer m\u00e1s<\/a><\/p>\n","protected":false},"author":2,"featured_media":6662,"comment_status":"closed","ping_status":"closed","sticky":false,"template":"","format":"standard","meta":{"footnotes":""},"categories":[1],"tags":[],"class_list":["post-6661","post","type-post","status-publish","format-standard","has-post-thumbnail","hentry","category-cronica"],"_links":{"self":[{"href":"https:\/\/www.radiopresidenteibanez.cl\/web\/wp-json\/wp\/v2\/posts\/6661","targetHints":{"allow":["GET"]}}],"collection":[{"href":"https:\/\/www.radiopresidenteibanez.cl\/web\/wp-json\/wp\/v2\/posts"}],"about":[{"href":"https:\/\/www.radiopresidenteibanez.cl\/web\/wp-json\/wp\/v2\/types\/post"}],"author":[{"embeddable":true,"href":"https:\/\/www.radiopresidenteibanez.cl\/web\/wp-json\/wp\/v2\/users\/2"}],"replies":[{"embeddable":true,"href":"https:\/\/www.radiopresidenteibanez.cl\/web\/wp-json\/wp\/v2\/comments?post=6661"}],"version-history":[{"count":0,"href":"https:\/\/www.radiopresidenteibanez.cl\/web\/wp-json\/wp\/v2\/posts\/6661\/revisions"}],"wp:featuredmedia":[{"embeddable":true,"href":"https:\/\/www.radiopresidenteibanez.cl\/web\/wp-json\/wp\/v2\/media\/6662"}],"wp:attachment":[{"href":"https:\/\/www.radiopresidenteibanez.cl\/web\/wp-json\/wp\/v2\/media?parent=6661"}],"wp:term":[{"taxonomy":"category","embeddable":true,"href":"https:\/\/www.radiopresidenteibanez.cl\/web\/wp-json\/wp\/v2\/categories?post=6661"},{"taxonomy":"post_tag","embeddable":true,"href":"https:\/\/www.radiopresidenteibanez.cl\/web\/wp-json\/wp\/v2\/tags?post=6661"}],"curies":[{"name":"wp","href":"https:\/\/api.w.org\/{rel}","templated":true}]}}