{"id":666,"date":"2019-01-22T17:32:41","date_gmt":"2019-01-22T17:32:41","guid":{"rendered":"http:\/\/www.radiopresidenteibanez.cl\/web\/?p=666"},"modified":"2019-01-22T17:32:58","modified_gmt":"2019-01-22T17:32:58","slug":"con-gran-exito-se-desarrollo-la-primera-jornada-de-retiro-de-chatarra-2019","status":"publish","type":"post","link":"https:\/\/www.radiopresidenteibanez.cl\/web\/con-gran-exito-se-desarrollo-la-primera-jornada-de-retiro-de-chatarra-2019\/","title":{"rendered":"CON GRAN \u00c9XITO SE DESARROLL\u00d3 LA PRIMERA JORNADA DE RETIRO DE CHATARRA 2019"},"content":{"rendered":"\n<p>Desde el a\u00f1o 2010, la Ilustre\nMunicipalidad de Natales, junto al apoyo de Maestranza Municipal y la Unidad de\nMedio Ambiente, est\u00e1 desarrollando la campa\u00f1a de retiro de chatarra por barrio.\nEste a\u00f1o, el exitoso plan comenz\u00f3 a implementarse en el sector de la Junta\nVecinal N\u00b08 y en la intersecci\u00f3n de Av. Carlos Iba\u00f1ez con Piloto Pardo, para\nculminar el jueves 21 de marzo en la Villa Rural Dorotea.<\/p>\n\n\n\n<p>La campa\u00f1a se llevar\u00e1 a cabo\ndesde el lunes 21 de enero y tendr\u00e1 una duraci\u00f3n de tres meses. El programa\nest\u00e1 dividido en tres etapas, primero se recolectar\u00e1 la chatarra de las zonas\nurbanas de la comuna, llev\u00e1ndose a cabo en 22 puntos de la ciudad.\nPosteriormente, en el Sector Huertos Familiares se recolectar\u00e1 casa por casa la\nchatarra, realizando un repaso el d\u00eda 13 de marzo y finalizando en los\ndistintos sectores rurales de la comuna quienes de igual forma se ver\u00e1n\nbeneficiadas con el retiro de chatarra por parte del cami\u00f3n municipal desde el\nlunes 18 de marzo al jueves 21 de marzo.<\/p>\n\n\n\n<p>Esta iniciativa impulsada por el\nAlcalde y el Concejo Municipal se&nbsp;\nenmarca dentro del compromiso de la comuna con el medio ambiente&nbsp; y&nbsp;\nbusca facilitar el retiro de estos art\u00edculos sin costo alguno para la\ncomunidad natalina.<\/p>\n\n\n\n<p>El edil de Natales, Fernando\nParedes Mansilla, destac\u00f3 que \u201ceste es un servicio gratuito que se lo\nentregamos a los vecinos y que los vecinos aprovechen esta calendarizaci\u00f3n, y\nque en la misma medida que los vecinos nos ayuden a usar estos puntos, claramente\nvamos a hacer de nuestra ciudad, una ciudad m\u00e1s limpia\u201d; agregando que \u201cno hay\nexcusa para que gente inescrupulosa ande tirando basura en la costanera, ande\ntirando basura en otros lugares que no son los habilitados\u201d. Con esto, la\nm\u00e1xima autoridad comunal, solicit\u00f3 la colaboraci\u00f3n de todos los natalinos y natalinas\na que contribuyan a que la ciudad est\u00e9 limpia.<\/p>\n\n\n\n<p>Cabe mencionar que de esta\nactividad participaron junto al Alcalde Fernando Paredes, los Concejales\nAlfredo Alderete Flores, Ver\u00f3nica P\u00e9rez, Daniel C\u00f3rdova y Francisca Molinet;\nquienes coincidieron en realizar un llamado a los vecinos a llevar sus enseres\nen desuso, a llevar los muebles y cuidar nuestro entorno para as\u00ed lograr una\nciudad m\u00e1s limpia y m\u00e1s hermosa, respetando los horarios y las fechas que\ncorrespondan a cada sector.<\/p>\n\n\n\n<p>Fabiola Vigar, Encargada de la\nUnidad de Medioambiente, Aseo y Ornato, destac\u00f3 que \u201cno se va a permitir el\ningreso de los neum\u00e1ticos, las bater\u00edas, pilas y bater\u00edas de veh\u00edculos\u201d en los\ncentros de acopio, y a respetar los horarios de recepci\u00f3n de la chatarra\ndispuestos por el municipio.<\/p>\n\n\n\n<p>Los puntos de retiro est\u00e1n siendo\ninformados a trav\u00e9s de las juntas de vecinos de la comuna, mediante volantes y\nla p\u00e1gina de la municipalidad. Los horarios de recepci\u00f3n de chatarra ser\u00e1n\ndesde las 09:00 hasta 20:00 horas, de forma continua.&nbsp; <\/p>\n","protected":false},"excerpt":{"rendered":"<p>Desde el a\u00f1o 2010, la Ilustre Municipalidad de Natales, junto al apoyo de Maestranza Municipal y la Unidad de Medio Ambiente, est\u00e1 desarrollando la campa\u00f1a de retiro de chatarra por&#8230; <a class=\"read-more\" href=\"https:\/\/www.radiopresidenteibanez.cl\/web\/con-gran-exito-se-desarrollo-la-primera-jornada-de-retiro-de-chatarra-2019\/\">Leer m\u00e1s<\/a><\/p>\n","protected":false},"author":2,"featured_media":667,"comment_status":"closed","ping_status":"closed","sticky":false,"template":"","format":"standard","meta":{"footnotes":""},"categories":[1],"tags":[],"class_list":["post-666","post","type-post","status-publish","format-standard","has-post-thumbnail","hentry","category-cronica"],"_links":{"self":[{"href":"https:\/\/www.radiopresidenteibanez.cl\/web\/wp-json\/wp\/v2\/posts\/666","targetHints":{"allow":["GET"]}}],"collection":[{"href":"https:\/\/www.radiopresidenteibanez.cl\/web\/wp-json\/wp\/v2\/posts"}],"about":[{"href":"https:\/\/www.radiopresidenteibanez.cl\/web\/wp-json\/wp\/v2\/types\/post"}],"author":[{"embeddable":true,"href":"https:\/\/www.radiopresidenteibanez.cl\/web\/wp-json\/wp\/v2\/users\/2"}],"replies":[{"embeddable":true,"href":"https:\/\/www.radiopresidenteibanez.cl\/web\/wp-json\/wp\/v2\/comments?post=666"}],"version-history":[{"count":0,"href":"https:\/\/www.radiopresidenteibanez.cl\/web\/wp-json\/wp\/v2\/posts\/666\/revisions"}],"wp:featuredmedia":[{"embeddable":true,"href":"https:\/\/www.radiopresidenteibanez.cl\/web\/wp-json\/wp\/v2\/media\/667"}],"wp:attachment":[{"href":"https:\/\/www.radiopresidenteibanez.cl\/web\/wp-json\/wp\/v2\/media?parent=666"}],"wp:term":[{"taxonomy":"category","embeddable":true,"href":"https:\/\/www.radiopresidenteibanez.cl\/web\/wp-json\/wp\/v2\/categories?post=666"},{"taxonomy":"post_tag","embeddable":true,"href":"https:\/\/www.radiopresidenteibanez.cl\/web\/wp-json\/wp\/v2\/tags?post=666"}],"curies":[{"name":"wp","href":"https:\/\/api.w.org\/{rel}","templated":true}]}}