{"id":6658,"date":"2019-08-29T21:24:05","date_gmt":"2019-08-29T21:24:05","guid":{"rendered":"http:\/\/www.radiopresidenteibanez.cl\/web\/?p=6658"},"modified":"2019-08-29T21:24:13","modified_gmt":"2019-08-29T21:24:13","slug":"seleccion-nacional-de-pymes-sercotec-ha-recibido-mas-de-60-mil-votos-en-solo-24-horas","status":"publish","type":"post","link":"https:\/\/www.radiopresidenteibanez.cl\/web\/seleccion-nacional-de-pymes-sercotec-ha-recibido-mas-de-60-mil-votos-en-solo-24-horas\/","title":{"rendered":"SELECCI\u00d3N NACIONAL DE PYMES: SERCOTEC HA RECIBIDO M\u00c1S DE 60 MIL VOTOS EN SOLO 24 HORAS"},"content":{"rendered":"\n<p>En menos de 24 horas se\nregistraron m\u00e1s de 60 mil votos. Fue in\u00e9dito. Eso fue lo que sucedi\u00f3 con la\nplataforma de Sercotec, apenas se abri\u00f3 el proceso de votaci\u00f3n a nivel\nnacional, y en el que todas las personas del pa\u00eds pudieron acceder para votar\npor los mejores 11 emprendimientos de su regi\u00f3n. <\/p>\n\n\n\n<p>Y es que, por segundo a\u00f1o, la entidad busca elegir las mejores iniciativas a nivel\nnacional para que conformen la Selecci\u00f3n Nacional de Pymes 2019. <\/p>\n\n\n\n<p>\u00abLos Seleccionados\nactuales que est\u00e1n en nuestra plataforma fueron los ganadores por la historia\nque cada uno nos transmiti\u00f3, por el orgullo que cada uno siente de tener un\nnegocio propio y el c\u00f3mo lograron llegar al lugar donde est\u00e1n\u00bb, se\u00f1ala el\nDirector Nacional de Sercotec, Crist\u00f3bal Leturia.<\/p>\n\n\n\n<p>Los ganadores del\npremio&nbsp;\u201cSelecci\u00f3n Nacional de Pymes\u201d&nbsp;son los protagonistas y, a\ntrav\u00e9s de esta convocatoria, <strong>Sercotec\nbusca reconocer el esfuerzo y valor que entregan los emprendedores al pa\u00eds con\nsus ideas de negocio,&nbsp;<\/strong><a href=\"https:\/\/ce.entel.cl\/emprendedores\/articulos\/empresas-en-instagram\/\"><strong>siendo motivaci\u00f3n<\/strong><\/a><strong>&nbsp;para otros desde sus historias de\nsuperaci\u00f3n.<\/strong><\/p>\n\n\n\n<p>En tanto, Crist\u00f3bal Leturia\ncuenta que esta alta participaci\u00f3n de votaciones en todas las regiones lo llena\nde optimismo, porque significa que todos se han sentido motivados a impulsar\nlos emprendimientos regionales. <\/p>\n\n\n\n<p>Asimismo, el Director Nacional\nde Sercotec hizo un llamado a todos a ser parte de este concurso. \u201cChile es un\npa\u00eds emprendedor y queremos invitar a que todos se sigan sumando y votando por\nlos emprendimientos que m\u00e1s les guste. Es muy f\u00e1cil hacerlo. Deben entrar\na&nbsp;<a href=\"http:\/\/www.seleccionnacionaldepymes.cl\">www.seleccionnacionaldepymes.cl<\/a>; elegir el caso que quieren apoyar y presionar \u2018me gusta\u2019.\nQueremos que las regiones se sigan motivando, porque tienen plazo hasta el 09\nde septiembre\u201d, explic\u00f3 la autoridad. <\/p>\n\n\n\n<p><strong>Cabe destacar que las 11 mejores iniciativas del pa\u00eds\nrecibir\u00e1n como premio una pasant\u00eda en Estados Unidos para conocer el ecosistema\nde emprendimiento<\/strong>, acceder a herramientas\npara la adquisici\u00f3n de conocimientos profesionales, identificar oportunidades,\nmejorar la calidad de sus productos e incorporar innovaci\u00f3n para la promoci\u00f3n\ncomercial de sus empresas. <\/p>\n\n\n\n<p><strong>\u00bfC\u00f3mo puedo votar y participar en la Selecci\u00f3n de Pymes\n2019?<\/strong><\/p>\n\n\n\n<p><strong>\u00bfCu\u00e1ndo inicia la votaci\u00f3n popular?<\/strong><\/p>\n\n\n\n<p>A\ntrav\u00e9s de la p\u00e1gina web www.seleccionnacionaldepymes.cl, todos los chilenos\npueden votar por los 11 favoritos de su regi\u00f3n. Esta votaci\u00f3n se inici\u00f3 este\nmartes 27 de agosto y se extender\u00e1 hasta el lunes 09 de septiembre. En tanto,\nla segunda etapa para elegir a la Selecci\u00f3n Nacional de Pymes se iniciar\u00e1 el 20\nde septiembre -a trav\u00e9s de otra votaci\u00f3n popular- y, se extender\u00e1 hasta el 04\nde octubre.<\/p>\n\n\n\n<p><strong>\u00bfQui\u00e9nes pueden votar?<\/strong><\/p>\n\n\n\n<p>Todos los chilenos que deseen\nparticipar. Para hacerlo tienen que registrar su correo electr\u00f3nico en la misma\np\u00e1gina <a href=\"http:\/\/www.seleccionnacionaldepymes.cl\">www.seleccionnacionaldepymes.cl<\/a>. <\/p>\n","protected":false},"excerpt":{"rendered":"<p>En menos de 24 horas se registraron m\u00e1s de 60 mil votos. Fue in\u00e9dito. Eso fue lo que sucedi\u00f3 con la plataforma de Sercotec, apenas se abri\u00f3 el proceso de&#8230; <a class=\"read-more\" href=\"https:\/\/www.radiopresidenteibanez.cl\/web\/seleccion-nacional-de-pymes-sercotec-ha-recibido-mas-de-60-mil-votos-en-solo-24-horas\/\">Leer m\u00e1s<\/a><\/p>\n","protected":false},"author":2,"featured_media":6659,"comment_status":"closed","ping_status":"closed","sticky":false,"template":"","format":"standard","meta":{"footnotes":""},"categories":[1],"tags":[],"class_list":["post-6658","post","type-post","status-publish","format-standard","has-post-thumbnail","hentry","category-cronica"],"_links":{"self":[{"href":"https:\/\/www.radiopresidenteibanez.cl\/web\/wp-json\/wp\/v2\/posts\/6658","targetHints":{"allow":["GET"]}}],"collection":[{"href":"https:\/\/www.radiopresidenteibanez.cl\/web\/wp-json\/wp\/v2\/posts"}],"about":[{"href":"https:\/\/www.radiopresidenteibanez.cl\/web\/wp-json\/wp\/v2\/types\/post"}],"author":[{"embeddable":true,"href":"https:\/\/www.radiopresidenteibanez.cl\/web\/wp-json\/wp\/v2\/users\/2"}],"replies":[{"embeddable":true,"href":"https:\/\/www.radiopresidenteibanez.cl\/web\/wp-json\/wp\/v2\/comments?post=6658"}],"version-history":[{"count":0,"href":"https:\/\/www.radiopresidenteibanez.cl\/web\/wp-json\/wp\/v2\/posts\/6658\/revisions"}],"wp:featuredmedia":[{"embeddable":true,"href":"https:\/\/www.radiopresidenteibanez.cl\/web\/wp-json\/wp\/v2\/media\/6659"}],"wp:attachment":[{"href":"https:\/\/www.radiopresidenteibanez.cl\/web\/wp-json\/wp\/v2\/media?parent=6658"}],"wp:term":[{"taxonomy":"category","embeddable":true,"href":"https:\/\/www.radiopresidenteibanez.cl\/web\/wp-json\/wp\/v2\/categories?post=6658"},{"taxonomy":"post_tag","embeddable":true,"href":"https:\/\/www.radiopresidenteibanez.cl\/web\/wp-json\/wp\/v2\/tags?post=6658"}],"curies":[{"name":"wp","href":"https:\/\/api.w.org\/{rel}","templated":true}]}}