{"id":6655,"date":"2019-08-29T21:21:10","date_gmt":"2019-08-29T21:21:10","guid":{"rendered":"http:\/\/www.radiopresidenteibanez.cl\/web\/?p=6655"},"modified":"2019-08-29T21:21:15","modified_gmt":"2019-08-29T21:21:15","slug":"presentan-informe-de-la-oit-sobre-el-futuro-del-trabajo-y-la-sostenibilidad-medioambiental-con-empleo","status":"publish","type":"post","link":"https:\/\/www.radiopresidenteibanez.cl\/web\/presentan-informe-de-la-oit-sobre-el-futuro-del-trabajo-y-la-sostenibilidad-medioambiental-con-empleo\/","title":{"rendered":"PRESENTAN INFORME DE LA OIT SOBRE EL  FUTURO DEL TRABAJO Y LA SOSTENIBILIDAD MEDIOAMBIENTAL CON EMPLEO"},"content":{"rendered":"\n<p>Con la presencia del Subsecretario del Trabajo Fernando Arab,\ndel Director de la OIT para el Cono Sur Fabio Bertranou y organizado por la\noficina parlamentaria de la senadora Carolina Goic, se realiz\u00f3 en nuestra\nregi\u00f3n el seminario denominado \u00abEncuentro sobre el Futuro del Trabajo y la\nSostenibilidad Medioambiental con Empleo\u201d.<\/p>\n\n\n\n<p>Al evento desarrollado en dependencias de la sede INACAP\nPunta Arenas, llegaron m\u00e1s de 150 personas, entre ellos, dirigentes gremiales,\nsindicales, representantes del mundo empresarial, del \u00e1mbito acad\u00e9mico,\neconomistas, estudiantes, entre otros, quienes durante su desarrollo pudieron\nconocer y conversar respectos&nbsp; las\nexposiciones que dieron vida a este seminario, como fue el \u201cInforme sobre el\nFuturo del Trabajo\u201d presentado por Fabio Bertranou,&nbsp; que examina c\u00f3mo lograr un mejor futuro de\ntrabajo para todos en un momento en que experimentamos cambios sin precedentes\ny grandes desaf\u00edos en el mundo del trabajo,<\/p>\n\n\n\n<p>En tanto en la segunda exposici\u00f3n a cargo de Guillermo\nMontt, especialista en protecci\u00f3n social de la OIT, se present\u00f3 \u201cInforme\nCEPAL\/OIT Sostenibilidad Medioambiental con Empleo en Am\u00e9rica Latina y el\nCaribe\u201d, el cual examina c\u00f3mo lograr un mejor futuro de trabajo para todos en\nun momento en que experimentamos cambios sin precedentes y grandes desaf\u00edos en\nel mundo del trabajo.<\/p>\n\n\n\n<p>El primer informe de la Comisi\u00f3n Mundial de la OIT sobre el\nFuturo del Trabajo nuevas formas de trabajo, las ramificaciones institucionales\nde la cambiante naturaleza del trabajo, el aprendizaje a lo largo de toda la vida,\nuna mayor inclusi\u00f3n y la igualdad de g\u00e9nero, la medici\u00f3n del empleo y el\nbienestar de los seres humanos, y el papel que cumple la protecci\u00f3n social\nuniversal en un futuro de trabajo estable y justo.<\/p>\n\n\n\n<p>Luego de cada presentaci\u00f3n, el an\u00e1lisis y el debate se\ndesarroll\u00f3 mediantes dos panales, el primero integrados por el Subsecretario\ndel Trabajo Fernando Arab, Doris Sandoval Miranda, (Presidenta regional de la\nAnef); Adolfo Canales Guentelican (Presidente del Colegio de Contadores), panel\nmoderado por la senadora Carolina Goic.<\/p>\n\n\n\n<p>En tanto en el segundo panel los participantes fueron Jos\u00e9\nVera Giusti (Economista magall\u00e1nico); Ram\u00f3n Arriagada Sep\u00falveda (Empresario);\nGonzalo Rosenfeld Sekulovic (Ingeniero Comercial), panel moderado por Juan Luis\nOyarzo G\u00e1lvez (Acad\u00e9mico, Ingeniero Comercial).<\/p>\n","protected":false},"excerpt":{"rendered":"<p>Con la presencia del Subsecretario del Trabajo Fernando Arab, del Director de la OIT para el Cono Sur Fabio Bertranou y organizado por la oficina parlamentaria de la senadora Carolina&#8230; <a class=\"read-more\" href=\"https:\/\/www.radiopresidenteibanez.cl\/web\/presentan-informe-de-la-oit-sobre-el-futuro-del-trabajo-y-la-sostenibilidad-medioambiental-con-empleo\/\">Leer m\u00e1s<\/a><\/p>\n","protected":false},"author":2,"featured_media":6656,"comment_status":"closed","ping_status":"closed","sticky":false,"template":"","format":"standard","meta":{"footnotes":""},"categories":[1],"tags":[],"class_list":["post-6655","post","type-post","status-publish","format-standard","has-post-thumbnail","hentry","category-cronica"],"_links":{"self":[{"href":"https:\/\/www.radiopresidenteibanez.cl\/web\/wp-json\/wp\/v2\/posts\/6655","targetHints":{"allow":["GET"]}}],"collection":[{"href":"https:\/\/www.radiopresidenteibanez.cl\/web\/wp-json\/wp\/v2\/posts"}],"about":[{"href":"https:\/\/www.radiopresidenteibanez.cl\/web\/wp-json\/wp\/v2\/types\/post"}],"author":[{"embeddable":true,"href":"https:\/\/www.radiopresidenteibanez.cl\/web\/wp-json\/wp\/v2\/users\/2"}],"replies":[{"embeddable":true,"href":"https:\/\/www.radiopresidenteibanez.cl\/web\/wp-json\/wp\/v2\/comments?post=6655"}],"version-history":[{"count":0,"href":"https:\/\/www.radiopresidenteibanez.cl\/web\/wp-json\/wp\/v2\/posts\/6655\/revisions"}],"wp:featuredmedia":[{"embeddable":true,"href":"https:\/\/www.radiopresidenteibanez.cl\/web\/wp-json\/wp\/v2\/media\/6656"}],"wp:attachment":[{"href":"https:\/\/www.radiopresidenteibanez.cl\/web\/wp-json\/wp\/v2\/media?parent=6655"}],"wp:term":[{"taxonomy":"category","embeddable":true,"href":"https:\/\/www.radiopresidenteibanez.cl\/web\/wp-json\/wp\/v2\/categories?post=6655"},{"taxonomy":"post_tag","embeddable":true,"href":"https:\/\/www.radiopresidenteibanez.cl\/web\/wp-json\/wp\/v2\/tags?post=6655"}],"curies":[{"name":"wp","href":"https:\/\/api.w.org\/{rel}","templated":true}]}}