{"id":6653,"date":"2019-08-29T21:18:26","date_gmt":"2019-08-29T21:18:26","guid":{"rendered":"http:\/\/www.radiopresidenteibanez.cl\/web\/?p=6653"},"modified":"2019-08-29T21:18:32","modified_gmt":"2019-08-29T21:18:32","slug":"medico-geriatra-ramon-lobos-los-consejos-para-los-adultos-mayores-en-fiestas-patrias","status":"publish","type":"post","link":"https:\/\/www.radiopresidenteibanez.cl\/web\/medico-geriatra-ramon-lobos-los-consejos-para-los-adultos-mayores-en-fiestas-patrias\/","title":{"rendered":"M\u00c9DICO GERIATRA RAM\u00d3N LOBOS: LOS CONSEJOS PARA LOS ADULTOS MAYORES EN FIESTAS PATRIAS"},"content":{"rendered":"\n<p> Las celebraciones patrias traen consigo varios cambios en las rutinas de los chilenos, las cuales afectan de manera especial a los adultos mayores, debido a que en dicha etapa de la vida, las personas son m\u00e1s sensibles a los cambios.<\/p>\n\n\n\n<p>Es por ello que, el m\u00e9dico geriatra, Ram\u00f3n Lobos V\u00e1squez, realiz\u00f3 un llamado de precauci\u00f3n y moderaci\u00f3n ante los des\u00f3rdenes alimenticios y los cambios de horario, sobre todo si tomamos en cuenta que las celebraciones podr\u00edan extenderse durante toda la semana.<\/p>\n\n\n\n<p>\u201cEstas fiestas patrias son bastante extensas, van a haber hartos d\u00edas de celebraci\u00f3n y hartos cambios en las rutinas. Entonces, si la persona es muy mayor, estamos hablando sobre 80 a\u00f1os, lo importante es mantener la rutina y dentro de todo lo que se va a desordenar, tratar de hacerlo part\u00edcipe de lo que viene\u201d, explic\u00f3 el especialista.<\/p>\n\n\n\n<p>Lobos hizo presente la importancia de planificar e informar anticipadamente a los adultos mayores, respecto de las distintas actividades que se van a realizar durante los d\u00edas de fiesta. \u201cElegir el men\u00fa, elegir las actividades que se van a hacer, recordar por ejemplo c\u00f3mo eran los 18 que vivieron antes, para socializar y ver. Y en los adultos menores de 80 a\u00f1os, evidentemente hacerlos part\u00edcipe de que salgan a las kermesses, a las actividades que van a haber, los izamientos de pabell\u00f3n, los desfiles, que son cosas importantes para participar\u201d, indic\u00f3 el m\u00e9dico.<br>Respecto a los bailes o actividades f\u00edsicas de mayor complejidad, el especialista llam\u00f3 a realizarlos en la medida de saber c\u00f3mo responde el cuerpo.<\/p>\n\n\n\n<p>\u00a0\u201cLa cueca es un baile que tiene altos y bajos, momentos muy intensos y otros m\u00e1s calmados. Y eso hace que el cuerpo tenga que responder de forma distinta, con sobrecarga en algunos momentos y en otros no. Entonces, que me perdonen los cuequeros, pero no es el mejor ejercicio para una persona. Tiene que tener una buena capacidad aer\u00f3bica, un buen coraz\u00f3n, para zapatear la cueca este 18. Los que tienen poco acondicionamiento, probablemente puedan ejercitar otros bailes, que son m\u00e1s calmados\u201d, precis\u00f3.\u00a0<br><\/p>\n","protected":false},"excerpt":{"rendered":"<p>Las celebraciones patrias traen consigo varios cambios en las rutinas de los chilenos, las cuales afectan de manera especial a los adultos mayores, debido a que en dicha etapa de&#8230; <a class=\"read-more\" href=\"https:\/\/www.radiopresidenteibanez.cl\/web\/medico-geriatra-ramon-lobos-los-consejos-para-los-adultos-mayores-en-fiestas-patrias\/\">Leer m\u00e1s<\/a><\/p>\n","protected":false},"author":2,"featured_media":2196,"comment_status":"closed","ping_status":"closed","sticky":false,"template":"","format":"standard","meta":{"footnotes":""},"categories":[1],"tags":[],"class_list":["post-6653","post","type-post","status-publish","format-standard","has-post-thumbnail","hentry","category-cronica"],"_links":{"self":[{"href":"https:\/\/www.radiopresidenteibanez.cl\/web\/wp-json\/wp\/v2\/posts\/6653","targetHints":{"allow":["GET"]}}],"collection":[{"href":"https:\/\/www.radiopresidenteibanez.cl\/web\/wp-json\/wp\/v2\/posts"}],"about":[{"href":"https:\/\/www.radiopresidenteibanez.cl\/web\/wp-json\/wp\/v2\/types\/post"}],"author":[{"embeddable":true,"href":"https:\/\/www.radiopresidenteibanez.cl\/web\/wp-json\/wp\/v2\/users\/2"}],"replies":[{"embeddable":true,"href":"https:\/\/www.radiopresidenteibanez.cl\/web\/wp-json\/wp\/v2\/comments?post=6653"}],"version-history":[{"count":0,"href":"https:\/\/www.radiopresidenteibanez.cl\/web\/wp-json\/wp\/v2\/posts\/6653\/revisions"}],"wp:featuredmedia":[{"embeddable":true,"href":"https:\/\/www.radiopresidenteibanez.cl\/web\/wp-json\/wp\/v2\/media\/2196"}],"wp:attachment":[{"href":"https:\/\/www.radiopresidenteibanez.cl\/web\/wp-json\/wp\/v2\/media?parent=6653"}],"wp:term":[{"taxonomy":"category","embeddable":true,"href":"https:\/\/www.radiopresidenteibanez.cl\/web\/wp-json\/wp\/v2\/categories?post=6653"},{"taxonomy":"post_tag","embeddable":true,"href":"https:\/\/www.radiopresidenteibanez.cl\/web\/wp-json\/wp\/v2\/tags?post=6653"}],"curies":[{"name":"wp","href":"https:\/\/api.w.org\/{rel}","templated":true}]}}