{"id":6650,"date":"2019-08-29T21:16:14","date_gmt":"2019-08-29T21:16:14","guid":{"rendered":"http:\/\/www.radiopresidenteibanez.cl\/web\/?p=6650"},"modified":"2019-08-29T21:16:20","modified_gmt":"2019-08-29T21:16:20","slug":"fiscal-jefe-de-punta-arenas-se-reunio-con-medicos-del-hospital-clinico","status":"publish","type":"post","link":"https:\/\/www.radiopresidenteibanez.cl\/web\/fiscal-jefe-de-punta-arenas-se-reunio-con-medicos-del-hospital-clinico\/","title":{"rendered":"FISCAL JEFE DE PUNTA ARENAS SE REUNI\u00d3 CON M\u00c9DICOS DEL HOSPITAL CL\u00cdNICO"},"content":{"rendered":"\n<p>Pediatras y cirujanos infantiles con\nespecialidad en neurolog\u00eda, psiquiatr\u00eda, cardiolog\u00eda, oncolog\u00eda,\nendocrinolog\u00eda, broncopulmonar, urgenciolog\u00eda, entre otros, se reunieron, ayer,\n&nbsp;en el Hospital Cl\u00ednico, con&nbsp; el Fiscal Jefe de Punta Arenas, Fernando Dobson\nSoto, con el fin de coordinar los esfuerzos interinstitucionales, conocer en\nprofundidad la labor de la Fiscal\u00eda, &nbsp;y&nbsp; las caracter\u00edsticas\nde algunos tipos de delitos &nbsp;entre ellos\nlos sexuales, la nueva Ley de Entrevista Investigativa Videograbada y la obligaci\u00f3n\nde denunciar de los funcionarios p\u00fablicos.\n<\/p>\n","protected":false},"excerpt":{"rendered":"<p>Pediatras y cirujanos infantiles con especialidad en neurolog\u00eda, psiquiatr\u00eda, cardiolog\u00eda, oncolog\u00eda, endocrinolog\u00eda, broncopulmonar, urgenciolog\u00eda, entre otros, se reunieron, ayer, &nbsp;en el Hospital Cl\u00ednico, con&nbsp; el Fiscal Jefe de Punta Arenas,&#8230; <a class=\"read-more\" href=\"https:\/\/www.radiopresidenteibanez.cl\/web\/fiscal-jefe-de-punta-arenas-se-reunio-con-medicos-del-hospital-clinico\/\">Leer m\u00e1s<\/a><\/p>\n","protected":false},"author":2,"featured_media":6651,"comment_status":"closed","ping_status":"closed","sticky":false,"template":"","format":"standard","meta":{"footnotes":""},"categories":[1],"tags":[],"class_list":["post-6650","post","type-post","status-publish","format-standard","has-post-thumbnail","hentry","category-cronica"],"_links":{"self":[{"href":"https:\/\/www.radiopresidenteibanez.cl\/web\/wp-json\/wp\/v2\/posts\/6650","targetHints":{"allow":["GET"]}}],"collection":[{"href":"https:\/\/www.radiopresidenteibanez.cl\/web\/wp-json\/wp\/v2\/posts"}],"about":[{"href":"https:\/\/www.radiopresidenteibanez.cl\/web\/wp-json\/wp\/v2\/types\/post"}],"author":[{"embeddable":true,"href":"https:\/\/www.radiopresidenteibanez.cl\/web\/wp-json\/wp\/v2\/users\/2"}],"replies":[{"embeddable":true,"href":"https:\/\/www.radiopresidenteibanez.cl\/web\/wp-json\/wp\/v2\/comments?post=6650"}],"version-history":[{"count":0,"href":"https:\/\/www.radiopresidenteibanez.cl\/web\/wp-json\/wp\/v2\/posts\/6650\/revisions"}],"wp:featuredmedia":[{"embeddable":true,"href":"https:\/\/www.radiopresidenteibanez.cl\/web\/wp-json\/wp\/v2\/media\/6651"}],"wp:attachment":[{"href":"https:\/\/www.radiopresidenteibanez.cl\/web\/wp-json\/wp\/v2\/media?parent=6650"}],"wp:term":[{"taxonomy":"category","embeddable":true,"href":"https:\/\/www.radiopresidenteibanez.cl\/web\/wp-json\/wp\/v2\/categories?post=6650"},{"taxonomy":"post_tag","embeddable":true,"href":"https:\/\/www.radiopresidenteibanez.cl\/web\/wp-json\/wp\/v2\/tags?post=6650"}],"curies":[{"name":"wp","href":"https:\/\/api.w.org\/{rel}","templated":true}]}}