{"id":6647,"date":"2019-08-29T21:14:28","date_gmt":"2019-08-29T21:14:28","guid":{"rendered":"http:\/\/www.radiopresidenteibanez.cl\/web\/?p=6647"},"modified":"2019-08-29T21:14:34","modified_gmt":"2019-08-29T21:14:34","slug":"este-viernes-vecinos-podran-acceder-a-diversos-servicios-municipales-en-atencion-nocturna","status":"publish","type":"post","link":"https:\/\/www.radiopresidenteibanez.cl\/web\/este-viernes-vecinos-podran-acceder-a-diversos-servicios-municipales-en-atencion-nocturna\/","title":{"rendered":"ESTE VIERNES: VECINOS PODR\u00c1N ACCEDER A DIVERSOS SERVICIOS MUNICIPALES EN ATENCI\u00d3N NOCTURNA"},"content":{"rendered":"\n<p>Inscripci\u00f3n en el Registro Social de Hogares, tr\u00e1mites\nrelativos a subsidios, asistencia social, atenci\u00f3n psicol\u00f3gica, social o\njur\u00eddica, son algunos de los tr\u00e1mites que, en horario extendido, podr\u00e1n\nrealizar los vecinos de Punta Arenas, este viernes (30 de agosto).<\/p>\n\n\n\n<p>Se trata de la atenci\u00f3n nocturna que est\u00e1 organizando la\nDirecci\u00f3n de Desarrollo Comunitario (Dideco) del Municipio local, entre las 19\ny 22 horas, para que los vecinos puedan acceder a estos beneficios en un\nhorario que no involucre ocupar su tiempo laboral.<\/p>\n\n\n\n<p>\u201cQueremos invitar a la comunidad a acceder a diferentes\nservicios que realizan los profesionales de la Direcci\u00f3n de Desarrollo Comunitario\ndel Municipio, en un horario que fue pensado especialmente para ellos, para que\nno tengan que pedir permiso en el trabajo o dejar de lado sus quehaceres\nhabituales\u201d, afirm\u00f3 la directora de Desarrollo Comunitario, Elena Blackwood.<\/p>\n\n\n\n<p>La actividad, que se llevar\u00e1 a cabo en las dependencias de\nDideco (Avenida Independencia 830), tambi\u00e9n contar\u00e1 con un espacio infantil,\nespecial para el cuidado de los ni\u00f1os y ni\u00f1as que asistan ese d\u00eda.<\/p>\n","protected":false},"excerpt":{"rendered":"<p>Inscripci\u00f3n en el Registro Social de Hogares, tr\u00e1mites relativos a subsidios, asistencia social, atenci\u00f3n psicol\u00f3gica, social o jur\u00eddica, son algunos de los tr\u00e1mites que, en horario extendido, podr\u00e1n realizar los&#8230; <a class=\"read-more\" href=\"https:\/\/www.radiopresidenteibanez.cl\/web\/este-viernes-vecinos-podran-acceder-a-diversos-servicios-municipales-en-atencion-nocturna\/\">Leer m\u00e1s<\/a><\/p>\n","protected":false},"author":2,"featured_media":6648,"comment_status":"closed","ping_status":"closed","sticky":false,"template":"","format":"standard","meta":{"footnotes":""},"categories":[1],"tags":[],"class_list":["post-6647","post","type-post","status-publish","format-standard","has-post-thumbnail","hentry","category-cronica"],"_links":{"self":[{"href":"https:\/\/www.radiopresidenteibanez.cl\/web\/wp-json\/wp\/v2\/posts\/6647","targetHints":{"allow":["GET"]}}],"collection":[{"href":"https:\/\/www.radiopresidenteibanez.cl\/web\/wp-json\/wp\/v2\/posts"}],"about":[{"href":"https:\/\/www.radiopresidenteibanez.cl\/web\/wp-json\/wp\/v2\/types\/post"}],"author":[{"embeddable":true,"href":"https:\/\/www.radiopresidenteibanez.cl\/web\/wp-json\/wp\/v2\/users\/2"}],"replies":[{"embeddable":true,"href":"https:\/\/www.radiopresidenteibanez.cl\/web\/wp-json\/wp\/v2\/comments?post=6647"}],"version-history":[{"count":0,"href":"https:\/\/www.radiopresidenteibanez.cl\/web\/wp-json\/wp\/v2\/posts\/6647\/revisions"}],"wp:featuredmedia":[{"embeddable":true,"href":"https:\/\/www.radiopresidenteibanez.cl\/web\/wp-json\/wp\/v2\/media\/6648"}],"wp:attachment":[{"href":"https:\/\/www.radiopresidenteibanez.cl\/web\/wp-json\/wp\/v2\/media?parent=6647"}],"wp:term":[{"taxonomy":"category","embeddable":true,"href":"https:\/\/www.radiopresidenteibanez.cl\/web\/wp-json\/wp\/v2\/categories?post=6647"},{"taxonomy":"post_tag","embeddable":true,"href":"https:\/\/www.radiopresidenteibanez.cl\/web\/wp-json\/wp\/v2\/tags?post=6647"}],"curies":[{"name":"wp","href":"https:\/\/api.w.org\/{rel}","templated":true}]}}