{"id":6644,"date":"2019-08-29T21:11:48","date_gmt":"2019-08-29T21:11:48","guid":{"rendered":"http:\/\/www.radiopresidenteibanez.cl\/web\/?p=6644"},"modified":"2019-08-29T21:11:54","modified_gmt":"2019-08-29T21:11:54","slug":"25-empresas-ya-se-inscribieron-para-ser-parte-de-la-feria-laboral-sence-2019","status":"publish","type":"post","link":"https:\/\/www.radiopresidenteibanez.cl\/web\/25-empresas-ya-se-inscribieron-para-ser-parte-de-la-feria-laboral-sence-2019\/","title":{"rendered":"25 EMPRESAS YA SE INSCRIBIERON PARA SER PARTE DE LA FERIA LABORAL SENCE 2019"},"content":{"rendered":"\n<p>El pr\u00f3ximo martes 3 de\nseptiembre, a las 10 de la ma\u00f1ana, se dar\u00e1 inicio a una nueva versi\u00f3n de la\nFeria Laboral Sence 2019, que este a\u00f1o ya cuenta con 25 empresas inscritas, las\nque ofrecer\u00e1n un importante n\u00famero de puestos de trabajo para los habitantes de\nla regi\u00f3n de Magallanes.<\/p>\n\n\n\n<p>La actividad,\norganizada cada a\u00f1o por el Servicio Nacional de Capacitaci\u00f3n y Empleo (Sence),\ntiene por objetivo contribuir a la empleabilidad regional a fin de mantener a\nraya el desempleo en Magallanes, cuya tasa se encuentra en un 3,1%, seg\u00fan el\n\u00faltimo trimestre analizado.<\/p>\n\n\n\n<p>Al respecto, la Seremi\ndel Trabajo, Victoria Cort\u00e9s Schiattino, expres\u00f3 que: \u201cEstamos muy\nentusiasmados preparando esta nueva Feria Laboral, organizada por el Sence,\nesta vez en la ciudad de Punta Arenas. Anteriormente tuvimos una feria de\nempleo en Puerto Natales que result\u00f3 muy exitosa y, por lo mismo, tenemos\nmuchas expectativas con este nuevo evento que, tal como lo ha mandatado el\nPresidente Sebasti\u00e1n Pi\u00f1era, su prioridad es que las personas encuentren el\nempleo que buscan y seamos capaces de ofrecer puestos de trabajo de calidad,\nestables y con protecci\u00f3n social. Ya son 25 las empresas confirmadas para esta\nactividad, adem\u00e1s de la Oficina de Intermediaci\u00f3n Laboral (Omil), as\u00ed que la\ninvitaci\u00f3n es a que las empresas que tienen cupos de trabajo se inscriban y\nparticipen de este evento que se realizar\u00e1 el pr\u00f3ximo martes 3 de septiembre en\ndependencias del Casino Dreams\u201d.<\/p>\n\n\n\n<p>Bajo el eslogan\n#HayPega, la Feria Laboral Sence buscar\u00e1 que los asistentes opten a un empleo\ndigno y con una remuneraci\u00f3n justa, facilitando el v\u00ednculo entre las organizaciones\noferentes, y quienes est\u00e1n en la b\u00fasqueda de trabajo.<\/p>\n\n\n\n<p>El evento, adem\u00e1s,\nser\u00e1 una buena instancia para que las autoridades puedan conversar directamente\ncon los asistentes, logrando de esta forma, escuchar sus preocupaciones y\nnecesidades, orient\u00e1ndolos en su b\u00fasqueda de mejores opciones laborales, que es\nla preocupaci\u00f3n del Presidente Sebasti\u00e1n Pi\u00f1era y del Ministro del Trabajo y\nPrevisi\u00f3n Social, Nicol\u00e1s Monckeberg.<\/p>\n\n\n\n<p>La Feria Laboral Sence\n2019 contar\u00e1 con el apoyo del Municipio de Punta Arenas, que a trav\u00e9s de la\nOficina Municipal de Intermediaci\u00f3n Laboral (Omil), ofrecer\u00e1 50 puestos de\ntrabajo. <\/p>\n\n\n\n<p>Las empresas que\ntodav\u00eda est\u00e9n interesadas en participar del evento, pueden inscribirse en el\ncorreo rvargas@sence.cl, llamado al tel\u00e9fono 612222625 o directamente en las\noficinas de Sence, en calle Magallanes N\u00b0538, Punta Arenas.<\/p>\n","protected":false},"excerpt":{"rendered":"<p>El pr\u00f3ximo martes 3 de septiembre, a las 10 de la ma\u00f1ana, se dar\u00e1 inicio a una nueva versi\u00f3n de la Feria Laboral Sence 2019, que este a\u00f1o ya cuenta&#8230; <a class=\"read-more\" href=\"https:\/\/www.radiopresidenteibanez.cl\/web\/25-empresas-ya-se-inscribieron-para-ser-parte-de-la-feria-laboral-sence-2019\/\">Leer m\u00e1s<\/a><\/p>\n","protected":false},"author":2,"featured_media":6645,"comment_status":"closed","ping_status":"closed","sticky":false,"template":"","format":"standard","meta":{"footnotes":""},"categories":[1],"tags":[],"class_list":["post-6644","post","type-post","status-publish","format-standard","has-post-thumbnail","hentry","category-cronica"],"_links":{"self":[{"href":"https:\/\/www.radiopresidenteibanez.cl\/web\/wp-json\/wp\/v2\/posts\/6644","targetHints":{"allow":["GET"]}}],"collection":[{"href":"https:\/\/www.radiopresidenteibanez.cl\/web\/wp-json\/wp\/v2\/posts"}],"about":[{"href":"https:\/\/www.radiopresidenteibanez.cl\/web\/wp-json\/wp\/v2\/types\/post"}],"author":[{"embeddable":true,"href":"https:\/\/www.radiopresidenteibanez.cl\/web\/wp-json\/wp\/v2\/users\/2"}],"replies":[{"embeddable":true,"href":"https:\/\/www.radiopresidenteibanez.cl\/web\/wp-json\/wp\/v2\/comments?post=6644"}],"version-history":[{"count":0,"href":"https:\/\/www.radiopresidenteibanez.cl\/web\/wp-json\/wp\/v2\/posts\/6644\/revisions"}],"wp:featuredmedia":[{"embeddable":true,"href":"https:\/\/www.radiopresidenteibanez.cl\/web\/wp-json\/wp\/v2\/media\/6645"}],"wp:attachment":[{"href":"https:\/\/www.radiopresidenteibanez.cl\/web\/wp-json\/wp\/v2\/media?parent=6644"}],"wp:term":[{"taxonomy":"category","embeddable":true,"href":"https:\/\/www.radiopresidenteibanez.cl\/web\/wp-json\/wp\/v2\/categories?post=6644"},{"taxonomy":"post_tag","embeddable":true,"href":"https:\/\/www.radiopresidenteibanez.cl\/web\/wp-json\/wp\/v2\/tags?post=6644"}],"curies":[{"name":"wp","href":"https:\/\/api.w.org\/{rel}","templated":true}]}}