{"id":6641,"date":"2019-08-29T21:06:57","date_gmt":"2019-08-29T21:06:57","guid":{"rendered":"http:\/\/www.radiopresidenteibanez.cl\/web\/?p=6641"},"modified":"2019-08-29T21:07:04","modified_gmt":"2019-08-29T21:07:04","slug":"mesa-antiabigeato-liderara-por-la-fiscalia-regional-de-magallanes-se-reunio-para-trabajar-en-avances-de-esta-materia","status":"publish","type":"post","link":"https:\/\/www.radiopresidenteibanez.cl\/web\/mesa-antiabigeato-liderara-por-la-fiscalia-regional-de-magallanes-se-reunio-para-trabajar-en-avances-de-esta-materia\/","title":{"rendered":"MESA ANTIABIGEATO LIDERAR\u00c1 POR LA FISCAL\u00cdA REGIONAL DE MAGALLANES SE REUNI\u00d3 PARA TRABAJAR EN AVANCES DE ESTA MATERIA"},"content":{"rendered":"\n<p>Coordinar esfuerzos para enfrentar la persecuci\u00f3n\npenal del delito de abigeato, especialmente&nbsp; durante las fiestas patrias, &nbsp;fue uno de los\nobjetivos propuestos, hoy, por los representantes de la mesa Regional\nAntiabigeato.<\/p>\n\n\n\n<p>La\nreuni\u00f3n, liderada por el Fiscal Regional de Magallanes, Eugenio Campos Lucero, se\nefectu\u00f3 en dependencias de la Fiscal\u00eda Local de Punta Arenas, contando con la\nparticipaci\u00f3n de autoridades locales, representantes de servicios p\u00fablicos,\npolic\u00edas&nbsp; y organizaciones de ganaderos,\nquienes trabajaron, por unificar criterios\nde actuaci\u00f3n en materia de&nbsp; fiscalizaciones\ny controles conjuntos, como tambi\u00e9n en replicar buenas pr\u00e1cticas, entre\notras materias.<\/p>\n","protected":false},"excerpt":{"rendered":"<p>Coordinar esfuerzos para enfrentar la persecuci\u00f3n penal del delito de abigeato, especialmente&nbsp; durante las fiestas patrias, &nbsp;fue uno de los objetivos propuestos, hoy, por los representantes de la mesa Regional&#8230; <a class=\"read-more\" href=\"https:\/\/www.radiopresidenteibanez.cl\/web\/mesa-antiabigeato-liderara-por-la-fiscalia-regional-de-magallanes-se-reunio-para-trabajar-en-avances-de-esta-materia\/\">Leer m\u00e1s<\/a><\/p>\n","protected":false},"author":2,"featured_media":6642,"comment_status":"closed","ping_status":"closed","sticky":false,"template":"","format":"standard","meta":{"footnotes":""},"categories":[1],"tags":[],"class_list":["post-6641","post","type-post","status-publish","format-standard","has-post-thumbnail","hentry","category-cronica"],"_links":{"self":[{"href":"https:\/\/www.radiopresidenteibanez.cl\/web\/wp-json\/wp\/v2\/posts\/6641","targetHints":{"allow":["GET"]}}],"collection":[{"href":"https:\/\/www.radiopresidenteibanez.cl\/web\/wp-json\/wp\/v2\/posts"}],"about":[{"href":"https:\/\/www.radiopresidenteibanez.cl\/web\/wp-json\/wp\/v2\/types\/post"}],"author":[{"embeddable":true,"href":"https:\/\/www.radiopresidenteibanez.cl\/web\/wp-json\/wp\/v2\/users\/2"}],"replies":[{"embeddable":true,"href":"https:\/\/www.radiopresidenteibanez.cl\/web\/wp-json\/wp\/v2\/comments?post=6641"}],"version-history":[{"count":0,"href":"https:\/\/www.radiopresidenteibanez.cl\/web\/wp-json\/wp\/v2\/posts\/6641\/revisions"}],"wp:featuredmedia":[{"embeddable":true,"href":"https:\/\/www.radiopresidenteibanez.cl\/web\/wp-json\/wp\/v2\/media\/6642"}],"wp:attachment":[{"href":"https:\/\/www.radiopresidenteibanez.cl\/web\/wp-json\/wp\/v2\/media?parent=6641"}],"wp:term":[{"taxonomy":"category","embeddable":true,"href":"https:\/\/www.radiopresidenteibanez.cl\/web\/wp-json\/wp\/v2\/categories?post=6641"},{"taxonomy":"post_tag","embeddable":true,"href":"https:\/\/www.radiopresidenteibanez.cl\/web\/wp-json\/wp\/v2\/tags?post=6641"}],"curies":[{"name":"wp","href":"https:\/\/api.w.org\/{rel}","templated":true}]}}