{"id":6638,"date":"2019-08-29T20:54:39","date_gmt":"2019-08-29T20:54:39","guid":{"rendered":"http:\/\/www.radiopresidenteibanez.cl\/web\/?p=6638"},"modified":"2019-08-29T20:54:44","modified_gmt":"2019-08-29T20:54:44","slug":"escolares-de-punta-arenas-aprenden-de-inclusion-poniendose-en-el-lugar-de-personas-con-discapacidad","status":"publish","type":"post","link":"https:\/\/www.radiopresidenteibanez.cl\/web\/escolares-de-punta-arenas-aprenden-de-inclusion-poniendose-en-el-lugar-de-personas-con-discapacidad\/","title":{"rendered":"ESCOLARES DE PUNTA ARENAS APRENDEN DE INCLUSI\u00d3N PONI\u00c9NDOSE EN EL LUGAR DE PERSONAS CON DISCAPACIDAD"},"content":{"rendered":"\n<p>Motivar a la inclusi\u00f3n a trav\u00e9s de actividades que permitan\na los estudiantes ponerse en el lugar de personas en situaci\u00f3n de discapacidad,\nes el principal objetivo de una serie de talleres que est\u00e1 realizando el\nMunicipio de Punta Arenas, a trav\u00e9s de la Unidad de Discapacidad, dependiente\nde la Direcci\u00f3n de Desarrollo Comunitario.<\/p>\n\n\n\n<p>La actividad se lleva a cabo en distintos establecimientos\nde la comuna, y busca que los estudiantes conozcan la realidad de una persona\nciega, sorda o con problemas de movilidad. <\/p>\n\n\n\n<p>\u201cLo m\u00e1s importante de esto es que todos, desde chiquitos,\npodamos aprender a ponernos en el lugar de los otros y, en este caso, es\nponernos en el lugar de personas con alguna discapacidad. Entonces, hemos\nllevado la inclusi\u00f3n a las escuelas. Esa es la campa\u00f1a que estamos haciendo y a\ntrav\u00e9s de distintas actividades logramos que los ni\u00f1os puedan vivir una\nexperiencia que es la que podr\u00eda tener una persona con discapacidad\u201d, afirm\u00f3 la\ndirectora de Desarrollo Comunitario, Elena Blackwood.<\/p>\n\n\n\n<p>Por su parte, la directora de la escuela Pedro Sarmiento de\nGamboa, Graciela Illanes, destac\u00f3 la iniciativa que calific\u00f3 como algo\nnecesario. \u201cEnse\u00f1ar a empatizar a los ni\u00f1os desde tan peque\u00f1itos, hace una\nsociedad m\u00e1s equilibrada, m\u00e1s justa y nos ense\u00f1a a todos a convivir. Es parte\nde nuestra obligaci\u00f3n como adultos ense\u00f1arle a los ni\u00f1os a convivir y a\nrespetarse\u201d, expres\u00f3. <\/p>\n\n\n\n<p>Los participantes valoraron la instancia, que les permiti\u00f3\nconocer la realidad de otras personas. \u201cEs bueno, porque as\u00ed podemos tomar en\ncuenta lo que a una persona le cuesta\u201d, indic\u00f3 Anah\u00ed Gallardo, de 11 a\u00f1os,\nalumna de sexto b\u00e1sico de la escuela Pedro Sarmiento de Gamboa.<\/p>\n\n\n\n<p>La experiencia se realizar\u00e1 en distintos establecimientos\ndurante el resto del a\u00f1o. Los interesados en contactarse con la Unidad de\nDiscapacidad, pueden hacerlo al tel\u00e9fono 61 2229147 o en el correo\nprograma.discapacidad@e-puntaarenas.cl<\/p>\n","protected":false},"excerpt":{"rendered":"<p>Motivar a la inclusi\u00f3n a trav\u00e9s de actividades que permitan a los estudiantes ponerse en el lugar de personas en situaci\u00f3n de discapacidad, es el principal objetivo de una serie&#8230; <a class=\"read-more\" href=\"https:\/\/www.radiopresidenteibanez.cl\/web\/escolares-de-punta-arenas-aprenden-de-inclusion-poniendose-en-el-lugar-de-personas-con-discapacidad\/\">Leer m\u00e1s<\/a><\/p>\n","protected":false},"author":2,"featured_media":6639,"comment_status":"closed","ping_status":"closed","sticky":false,"template":"","format":"standard","meta":{"footnotes":""},"categories":[1],"tags":[],"class_list":["post-6638","post","type-post","status-publish","format-standard","has-post-thumbnail","hentry","category-cronica"],"_links":{"self":[{"href":"https:\/\/www.radiopresidenteibanez.cl\/web\/wp-json\/wp\/v2\/posts\/6638","targetHints":{"allow":["GET"]}}],"collection":[{"href":"https:\/\/www.radiopresidenteibanez.cl\/web\/wp-json\/wp\/v2\/posts"}],"about":[{"href":"https:\/\/www.radiopresidenteibanez.cl\/web\/wp-json\/wp\/v2\/types\/post"}],"author":[{"embeddable":true,"href":"https:\/\/www.radiopresidenteibanez.cl\/web\/wp-json\/wp\/v2\/users\/2"}],"replies":[{"embeddable":true,"href":"https:\/\/www.radiopresidenteibanez.cl\/web\/wp-json\/wp\/v2\/comments?post=6638"}],"version-history":[{"count":0,"href":"https:\/\/www.radiopresidenteibanez.cl\/web\/wp-json\/wp\/v2\/posts\/6638\/revisions"}],"wp:featuredmedia":[{"embeddable":true,"href":"https:\/\/www.radiopresidenteibanez.cl\/web\/wp-json\/wp\/v2\/media\/6639"}],"wp:attachment":[{"href":"https:\/\/www.radiopresidenteibanez.cl\/web\/wp-json\/wp\/v2\/media?parent=6638"}],"wp:term":[{"taxonomy":"category","embeddable":true,"href":"https:\/\/www.radiopresidenteibanez.cl\/web\/wp-json\/wp\/v2\/categories?post=6638"},{"taxonomy":"post_tag","embeddable":true,"href":"https:\/\/www.radiopresidenteibanez.cl\/web\/wp-json\/wp\/v2\/tags?post=6638"}],"curies":[{"name":"wp","href":"https:\/\/api.w.org\/{rel}","templated":true}]}}