{"id":6635,"date":"2019-08-29T20:48:23","date_gmt":"2019-08-29T20:48:23","guid":{"rendered":"http:\/\/www.radiopresidenteibanez.cl\/web\/?p=6635"},"modified":"2019-08-29T20:48:29","modified_gmt":"2019-08-29T20:48:29","slug":"municipalidad-firma-importante-acuerdo-para-crear-la-oficina-de-la-mujer-en-puerto-natales","status":"publish","type":"post","link":"https:\/\/www.radiopresidenteibanez.cl\/web\/municipalidad-firma-importante-acuerdo-para-crear-la-oficina-de-la-mujer-en-puerto-natales\/","title":{"rendered":"MUNICIPALIDAD FIRMA IMPORTANTE ACUERDO PARA CREAR LA OFICINA DE LA MUJER EN PUERTO NATALES"},"content":{"rendered":"\n<p>Hasta la alcald\u00eda lleg\u00f3 la\nDirectora Regional del Servicio Nacional de la Mujer y la Secretaria Regional\nMinisterial de la Mujer y la Equidad de G\u00e9nero de Magallanes para sellar con\nuna firma la puesta en marcha de la primera Oficina Municipal de la Mujer de\n\u00daltima Esperanza.<\/p>\n\n\n\n<p>Seg\u00fan las autoridades locales,\ncon esta firma se busca facilitar y apoyar a las mujeres de la comuna,\nexplic\u00e1ndoles c\u00f3mo postular a programas de gobierno, entregar redes de apoyo en\ncaso de abusos o maltratos y fomentar su independencia econ\u00f3mica. <\/p>\n\n\n\n<p>Para el alcalde de Natales, este\nes un momento hist\u00f3rico que va a marcar el desarrollo de la comuna y el\nquehacer de la municipalidad. \u201cEste convenio no es obra de la casualidad, es\nresultado de un compromiso importante que han tenido las dos concejalas que\npertenecen al Concejo Municipal. Ver\u00f3nica P\u00e9rez y Francisca Molinet\u201d. El edil subray\u00f3\nque ellas siempre han relevado el trabajo de la mujer y enfatiz\u00f3 que el Concejo\nMunicipal en pleno valora y abraza esta decisi\u00f3n, adem\u00e1s se\u00f1al\u00f3 que han ido m\u00e1s\nall\u00e1 formando la oficina de la mujer dentro de la municipalidad y destac\u00f3 que\npronto se har\u00e1n cargo y administrar\u00e1n el Centro de la Mujer en Puerto Natales. <\/p>\n\n\n\n<p>La Secretaria Regional\nMinisterial de la Mujer y la Equidad de G\u00e9nero de Magallanes, Patricia Mackenney\nagradeci\u00f3 a las concejalas Francisca y Ver\u00f3nica por tener el tes\u00f3n para sacar\neste convenio adelante. \u201cLa mujer natalina es de punch, de esfuerzo y quiere\nsalir adelante, y por eso nosotros llegamos con todos nuestros programas de\nemprendimiento, asociatividad, velando porque la mujer tenga autonom\u00eda f\u00edsica y\nautonom\u00eda econ\u00f3mica\u201d. <\/p>\n\n\n\n<p>Fabiola Garc\u00eda Pinto recalc\u00f3 que\neste convenio ayudar\u00e1 a las mujeres natalinas a seguir desarroll\u00e1ndose de\nmanera integral, acentuando que \u201cva a permitir que el municipio logre tener una\nperspectiva de g\u00e9nero y pueda con cada provisi\u00f3n de sus bienes, servicios y\nprogramas tener esa mirada para que las brechas y las inequidades se disminuyan\nentre hombres y mujeres de la comuna\u201d, sostuvo la Directora Regional de Sernameg\nMagallanes. <\/p>\n\n\n\n<p>En tanto, las concejalas Ver\u00f3nica\nP\u00e9rez y Francisca Molinet se mostraron agradecidas por la voluntad del alcalde\ny la Seremi de la mujer que apoyaron en todo momento, ya que la idea es\ntrabajar con todas la mujeres de la comuna, poderlas orientar, fomentar sus\nemprendimientos y ayudarlas a salir adelante. <\/p>\n","protected":false},"excerpt":{"rendered":"<p>Hasta la alcald\u00eda lleg\u00f3 la Directora Regional del Servicio Nacional de la Mujer y la Secretaria Regional Ministerial de la Mujer y la Equidad de G\u00e9nero de Magallanes para sellar&#8230; <a class=\"read-more\" href=\"https:\/\/www.radiopresidenteibanez.cl\/web\/municipalidad-firma-importante-acuerdo-para-crear-la-oficina-de-la-mujer-en-puerto-natales\/\">Leer m\u00e1s<\/a><\/p>\n","protected":false},"author":2,"featured_media":6636,"comment_status":"closed","ping_status":"closed","sticky":false,"template":"","format":"standard","meta":{"footnotes":""},"categories":[1],"tags":[],"class_list":["post-6635","post","type-post","status-publish","format-standard","has-post-thumbnail","hentry","category-cronica"],"_links":{"self":[{"href":"https:\/\/www.radiopresidenteibanez.cl\/web\/wp-json\/wp\/v2\/posts\/6635","targetHints":{"allow":["GET"]}}],"collection":[{"href":"https:\/\/www.radiopresidenteibanez.cl\/web\/wp-json\/wp\/v2\/posts"}],"about":[{"href":"https:\/\/www.radiopresidenteibanez.cl\/web\/wp-json\/wp\/v2\/types\/post"}],"author":[{"embeddable":true,"href":"https:\/\/www.radiopresidenteibanez.cl\/web\/wp-json\/wp\/v2\/users\/2"}],"replies":[{"embeddable":true,"href":"https:\/\/www.radiopresidenteibanez.cl\/web\/wp-json\/wp\/v2\/comments?post=6635"}],"version-history":[{"count":0,"href":"https:\/\/www.radiopresidenteibanez.cl\/web\/wp-json\/wp\/v2\/posts\/6635\/revisions"}],"wp:featuredmedia":[{"embeddable":true,"href":"https:\/\/www.radiopresidenteibanez.cl\/web\/wp-json\/wp\/v2\/media\/6636"}],"wp:attachment":[{"href":"https:\/\/www.radiopresidenteibanez.cl\/web\/wp-json\/wp\/v2\/media?parent=6635"}],"wp:term":[{"taxonomy":"category","embeddable":true,"href":"https:\/\/www.radiopresidenteibanez.cl\/web\/wp-json\/wp\/v2\/categories?post=6635"},{"taxonomy":"post_tag","embeddable":true,"href":"https:\/\/www.radiopresidenteibanez.cl\/web\/wp-json\/wp\/v2\/tags?post=6635"}],"curies":[{"name":"wp","href":"https:\/\/api.w.org\/{rel}","templated":true}]}}