{"id":6632,"date":"2019-08-29T20:37:52","date_gmt":"2019-08-29T20:37:52","guid":{"rendered":"http:\/\/www.radiopresidenteibanez.cl\/web\/?p=6632"},"modified":"2019-08-29T20:37:58","modified_gmt":"2019-08-29T20:37:58","slug":"ministro-felipe-ward-el-90-de-las-concesiones-de-terrenos-fiscales-en-magallanes-son-otorgadas-a-organizaciones-sin-fines-de-lucro","status":"publish","type":"post","link":"https:\/\/www.radiopresidenteibanez.cl\/web\/ministro-felipe-ward-el-90-de-las-concesiones-de-terrenos-fiscales-en-magallanes-son-otorgadas-a-organizaciones-sin-fines-de-lucro\/","title":{"rendered":"MINISTRO FELIPE WARD: \u00abEL 90% DE LAS CONCESIONES DE TERRENOS FISCALES EN MAGALLANES SON OTORGADAS A ORGANIZACIONES SIN FINES DE LUCRO\u00bb"},"content":{"rendered":"\n<p>\u00abLa administraci\u00f3n del\npatrimonio fiscal en Magallanes considera cifras que reflejan claramente\nnuestra &nbsp;prioridad en dar el mejor uso\nposible al territorio que es de todos los chilenos\u00bb&nbsp; expres\u00f3 el Ministro de Bienes Nacionales\nFelipe Ward (tercera autoridad mejor evaluada por la ciudadan\u00eda en encuesta\nCADEM de agosto)<\/p>\n\n\n\n<p>Ward aport\u00f3 como antecedentes\nrelevantes que la oficina regional registra 70 actos administrativos de\narriendo de inmuebles, 32 destinaciones a organizaciones del Estado y 38\nconcesiones de uso gratuito a organizaciones sociales sin fines de lucro, las que\nconstituyen casi el cien por ciento del universo total de este instrumento de\ngesti\u00f3n territorial.<\/p>\n\n\n\n<p>Frente a estas \u00faltimas, el\nMinistro Ward se\u00f1al\u00f3 que junto a la seremi Francisca Rojas \u00abevaluamos cada\nconcesi\u00f3n en funci\u00f3n del proyecto, el impacto social que va a tener y su\ninversi\u00f3n total. Lo m\u00e1s importante es el beneficio que recibir\u00e1n sus\nbeneficiarios y beneficiarias y tambi\u00e9n la labor de organismos, tales como los municipios\ny otras instituciones p\u00fablicas, como el Gobierno Regional, que trav\u00e9s del CORE,\npueden comprometer apoyo en recursos e infraestructura pensando en &nbsp;mejorar la calidad de vida de las personas\u201d\nPuntualiz\u00f3.<\/p>\n\n\n\n<p>Entre las principales\norganizaciones sociales que son apoyadas por el ministerio v\u00eda concesi\u00f3n de uso\ngratuito se encuentran la Agrupaci\u00f3n Ecol\u00f3gica Patag\u00f3nica en el Humedal de Tres\nPuentes, diversas organizaciones religiosas, la agrupaci\u00f3n Manos de Hermanos y\nla ANEF, entre otros.<\/p>\n","protected":false},"excerpt":{"rendered":"<p>\u00abLa administraci\u00f3n del patrimonio fiscal en Magallanes considera cifras que reflejan claramente nuestra &nbsp;prioridad en dar el mejor uso posible al territorio que es de todos los chilenos\u00bb&nbsp; expres\u00f3 el&#8230; <a class=\"read-more\" href=\"https:\/\/www.radiopresidenteibanez.cl\/web\/ministro-felipe-ward-el-90-de-las-concesiones-de-terrenos-fiscales-en-magallanes-son-otorgadas-a-organizaciones-sin-fines-de-lucro\/\">Leer m\u00e1s<\/a><\/p>\n","protected":false},"author":2,"featured_media":6633,"comment_status":"closed","ping_status":"closed","sticky":false,"template":"","format":"standard","meta":{"footnotes":""},"categories":[1],"tags":[],"class_list":["post-6632","post","type-post","status-publish","format-standard","has-post-thumbnail","hentry","category-cronica"],"_links":{"self":[{"href":"https:\/\/www.radiopresidenteibanez.cl\/web\/wp-json\/wp\/v2\/posts\/6632","targetHints":{"allow":["GET"]}}],"collection":[{"href":"https:\/\/www.radiopresidenteibanez.cl\/web\/wp-json\/wp\/v2\/posts"}],"about":[{"href":"https:\/\/www.radiopresidenteibanez.cl\/web\/wp-json\/wp\/v2\/types\/post"}],"author":[{"embeddable":true,"href":"https:\/\/www.radiopresidenteibanez.cl\/web\/wp-json\/wp\/v2\/users\/2"}],"replies":[{"embeddable":true,"href":"https:\/\/www.radiopresidenteibanez.cl\/web\/wp-json\/wp\/v2\/comments?post=6632"}],"version-history":[{"count":0,"href":"https:\/\/www.radiopresidenteibanez.cl\/web\/wp-json\/wp\/v2\/posts\/6632\/revisions"}],"wp:featuredmedia":[{"embeddable":true,"href":"https:\/\/www.radiopresidenteibanez.cl\/web\/wp-json\/wp\/v2\/media\/6633"}],"wp:attachment":[{"href":"https:\/\/www.radiopresidenteibanez.cl\/web\/wp-json\/wp\/v2\/media?parent=6632"}],"wp:term":[{"taxonomy":"category","embeddable":true,"href":"https:\/\/www.radiopresidenteibanez.cl\/web\/wp-json\/wp\/v2\/categories?post=6632"},{"taxonomy":"post_tag","embeddable":true,"href":"https:\/\/www.radiopresidenteibanez.cl\/web\/wp-json\/wp\/v2\/tags?post=6632"}],"curies":[{"name":"wp","href":"https:\/\/api.w.org\/{rel}","templated":true}]}}