{"id":6629,"date":"2019-08-29T20:35:33","date_gmt":"2019-08-29T20:35:33","guid":{"rendered":"http:\/\/www.radiopresidenteibanez.cl\/web\/?p=6629"},"modified":"2019-08-29T20:35:39","modified_gmt":"2019-08-29T20:35:39","slug":"los-alcalde-de-las-condes-y-punta-arenas-firmaron-convenio-de-colaboracion","status":"publish","type":"post","link":"https:\/\/www.radiopresidenteibanez.cl\/web\/los-alcalde-de-las-condes-y-punta-arenas-firmaron-convenio-de-colaboracion\/","title":{"rendered":"LOS ALCALDE DE LAS CONDES Y PUNTA ARENAS FIRMARON CONVENIO DE COLABORACI\u00d3N"},"content":{"rendered":"\n<p> Hasta la municipalidad de Las Condes lleg\u00f3 el Alcalde Claudio Radonich para firmar un convenio colaboraci\u00f3n entre la Municipalidad de Punta Arenas y Las Condes, con el fin de potenciar gesti\u00f3n cultural, deportiva, territorial, entre otros \u00e1mbitos de inter\u00e9s comunal, para lo cual la autoridad de dicha comuna, Joaqu\u00edn Lav\u00edn, puso a disposici\u00f3n de Punta Arenas, toda la asesor\u00eda para poder desarrollar diversas materias y proyectos que logren impulsar el desarrollo de nuestra ciudad.\u00a0<\/p>\n\n\n\n<p>En la reuni\u00f3n se acord\u00f3 concretar una asesor\u00eda en proyecto que busca establecer un mejoramiento vial y urbano para el centro de nuestra ciudad, incorporando estacionamientos subterr\u00e1neos, para ello el director de obras de Las Condes Miguel Latapiat, entreg\u00f3 detalles t\u00e9cnicos del proceso realizado en dicha comuna hace un par de a\u00f1os atr\u00e1s, lo que permiti\u00f3 observar el proceso y desarrollo de iniciativas de dicho tama\u00f1o.\u00a0<br>Adem\u00e1s, Radonich sostuvo una reuni\u00f3n con Arturo Hughes Director del Teatro Las Condes, con quien vieron opciones de poder llevar a Punta Arenas diversos espect\u00e1culos y as\u00ed potenciar la Cartelera Cultural Municipal a trav\u00e9s del Convenio firmado con el Alcalde Joaqu\u00edn Lav\u00edn.<\/p>\n\n\n\n<p>Finalmente, ambos alcaldes dialogaron acerca de la conmemoraci\u00f3n de los 500 a\u00f1os del Estrecho de Magallanes, instancia en la que le hizo entrega del libro de Mateo Mart\u00ednic \u00abUna traves\u00eda memorable: hallazgo y navegaci\u00f3n del Estrecho de Magallanes\u00bb.\u00a0 <\/p>\n","protected":false},"excerpt":{"rendered":"<p>Hasta la municipalidad de Las Condes lleg\u00f3 el Alcalde Claudio Radonich para firmar un convenio colaboraci\u00f3n entre la Municipalidad de Punta Arenas y Las Condes, con el fin de potenciar&#8230; <a class=\"read-more\" href=\"https:\/\/www.radiopresidenteibanez.cl\/web\/los-alcalde-de-las-condes-y-punta-arenas-firmaron-convenio-de-colaboracion\/\">Leer m\u00e1s<\/a><\/p>\n","protected":false},"author":2,"featured_media":6630,"comment_status":"closed","ping_status":"closed","sticky":false,"template":"","format":"standard","meta":{"footnotes":""},"categories":[1],"tags":[],"class_list":["post-6629","post","type-post","status-publish","format-standard","has-post-thumbnail","hentry","category-cronica"],"_links":{"self":[{"href":"https:\/\/www.radiopresidenteibanez.cl\/web\/wp-json\/wp\/v2\/posts\/6629","targetHints":{"allow":["GET"]}}],"collection":[{"href":"https:\/\/www.radiopresidenteibanez.cl\/web\/wp-json\/wp\/v2\/posts"}],"about":[{"href":"https:\/\/www.radiopresidenteibanez.cl\/web\/wp-json\/wp\/v2\/types\/post"}],"author":[{"embeddable":true,"href":"https:\/\/www.radiopresidenteibanez.cl\/web\/wp-json\/wp\/v2\/users\/2"}],"replies":[{"embeddable":true,"href":"https:\/\/www.radiopresidenteibanez.cl\/web\/wp-json\/wp\/v2\/comments?post=6629"}],"version-history":[{"count":0,"href":"https:\/\/www.radiopresidenteibanez.cl\/web\/wp-json\/wp\/v2\/posts\/6629\/revisions"}],"wp:featuredmedia":[{"embeddable":true,"href":"https:\/\/www.radiopresidenteibanez.cl\/web\/wp-json\/wp\/v2\/media\/6630"}],"wp:attachment":[{"href":"https:\/\/www.radiopresidenteibanez.cl\/web\/wp-json\/wp\/v2\/media?parent=6629"}],"wp:term":[{"taxonomy":"category","embeddable":true,"href":"https:\/\/www.radiopresidenteibanez.cl\/web\/wp-json\/wp\/v2\/categories?post=6629"},{"taxonomy":"post_tag","embeddable":true,"href":"https:\/\/www.radiopresidenteibanez.cl\/web\/wp-json\/wp\/v2\/tags?post=6629"}],"curies":[{"name":"wp","href":"https:\/\/api.w.org\/{rel}","templated":true}]}}