{"id":6626,"date":"2019-08-29T20:30:44","date_gmt":"2019-08-29T20:30:44","guid":{"rendered":"http:\/\/www.radiopresidenteibanez.cl\/web\/?p=6626"},"modified":"2019-08-29T20:30:52","modified_gmt":"2019-08-29T20:30:52","slug":"mineduc-anuncia-primer-acuerdo-nacional-de-educacion-tecnico-profesional","status":"publish","type":"post","link":"https:\/\/www.radiopresidenteibanez.cl\/web\/mineduc-anuncia-primer-acuerdo-nacional-de-educacion-tecnico-profesional\/","title":{"rendered":"MINEDUC ANUNCIA PRIMER ACUERDO NACIONAL DE EDUCACI\u00d3N T\u00c9CNICO PROFESIONAL"},"content":{"rendered":"\n<p>\u201cSeguimos avanzando en nuestro compromiso de fortalecer y modernizar la Educaci\u00f3n T\u00e9cnico Profesional. Este es un acuerdo que premia el m\u00e9rito de aquellos estudiantes que se esforzaron durante su ense\u00f1anza media y que deciden continuar profundizando sus estudios en la Educaci\u00f3n Superior TP\u201d, anunci\u00f3 la ministra Cubillos.<\/p>\n\n\n\n<p>As\u00ed lo expres\u00f3 la autoridad nacional al anunciar el \u201cPrimer Acuerdo Nacional de Convalidaci\u00f3n T\u00e9cnico Profesional\u201d que se concret\u00f3 con la firma de un convenio entre el Mineduc y 11 instituciones de Educaci\u00f3n Superior T\u00e9cnico Profesional.<\/p>\n\n\n\n<p>Este convenio permitir\u00e1 a cerca de 3 mil estudiantes de las especialidades de Telecomunicaciones, Electricidad, Administraci\u00f3n (menci\u00f3n Recursos Humanos) y Mec\u00e1nica Automotriz, que est\u00e9n en liceos EMTP en categor\u00eda \u201calto\u201d o que asistan a Liceos Bicentenario en categor\u00eda \u201cmedio\u201d y \u201calto\u201d, convalidar al menos tres asignaturas de forma inmediata. \u201cSe trata del primer paso para una articulaci\u00f3n mayor del sistema, que nos permitir\u00e1 seguir fortaleci\u00e9ndolo para mejorar su calidad y abrir m\u00e1s oportunidades para sus estudiantes. Tambi\u00e9n se est\u00e1 trabajando con otras especialidades para que en el futuro todos los establecimientos se puedan articular\u201d, agreg\u00f3 Cubillos.<\/p>\n\n\n\n<p>El acuerdo que, se enmarca en la agenda de modernizaci\u00f3n de la Formaci\u00f3n T\u00e9cnico-Profesional (TP) impulsada por el gobierno del Presidente Pi\u00f1era, busca promover la vinculaci\u00f3n entre la educaci\u00f3n media TP, la educaci\u00f3n superior TP y el sector productivo. \u201cEs una muy buena noticia, Chile necesita m\u00e1s t\u00e9cnicos y el Ministerio de Educaci\u00f3n est\u00e1 trabajando para promover su formaci\u00f3n, facilitar el acceso a una mayor especializaci\u00f3n y as\u00ed mejorar su empleabilidad\u201d, dijo el Subsecretario Educaci\u00f3n Superior, Juan Eduardo Vargas<\/p>\n\n\n\n<p>Asimismo, cada instituci\u00f3n de Educaci\u00f3n Superior podr\u00e1 reconocer un n\u00famero mayor de asignaturas o incorporar otras especialidades si as\u00ed lo requiere. Las Instituciones de Educaci\u00f3n Superior entregar\u00e1n anualmente un informe de seguimiento con el rendimiento de los estudiantes para determinar el impacto de este convenio y establecer las acciones de mejora que sean necesarias.<\/p>\n\n\n\n<p>El proceso estar\u00e1 disponible en los sitios web de cada instituci\u00f3n, indicando los plazos, carreras con el beneficio, ramos articulados y condiciones para que los postulantes hagan efectiva esta convalidaci\u00f3n.<\/p>\n\n\n\n<p>Este acuerdo comenzar\u00e1 a regir con los estudiantes que ingresan el 2020 a alguna de las once instituciones que suscribieron el acuerdo, cuyo requisito era contar con al menos 4 a\u00f1os de acreditaci\u00f3n: Duoc-UC, INACAP, ENAC, CFT San Agust\u00edn, Ceduc UCN, CFT PUCV, AIEP, Arcos, CFT estatales, Vertebral, IES TP Cruch.<\/p>\n","protected":false},"excerpt":{"rendered":"<p>\u201cSeguimos avanzando en nuestro compromiso de fortalecer y modernizar la Educaci\u00f3n T\u00e9cnico Profesional. Este es un acuerdo que premia el m\u00e9rito de aquellos estudiantes que se esforzaron durante su ense\u00f1anza&#8230; <a class=\"read-more\" href=\"https:\/\/www.radiopresidenteibanez.cl\/web\/mineduc-anuncia-primer-acuerdo-nacional-de-educacion-tecnico-profesional\/\">Leer m\u00e1s<\/a><\/p>\n","protected":false},"author":2,"featured_media":6627,"comment_status":"closed","ping_status":"closed","sticky":false,"template":"","format":"standard","meta":{"footnotes":""},"categories":[1],"tags":[],"class_list":["post-6626","post","type-post","status-publish","format-standard","has-post-thumbnail","hentry","category-cronica"],"_links":{"self":[{"href":"https:\/\/www.radiopresidenteibanez.cl\/web\/wp-json\/wp\/v2\/posts\/6626","targetHints":{"allow":["GET"]}}],"collection":[{"href":"https:\/\/www.radiopresidenteibanez.cl\/web\/wp-json\/wp\/v2\/posts"}],"about":[{"href":"https:\/\/www.radiopresidenteibanez.cl\/web\/wp-json\/wp\/v2\/types\/post"}],"author":[{"embeddable":true,"href":"https:\/\/www.radiopresidenteibanez.cl\/web\/wp-json\/wp\/v2\/users\/2"}],"replies":[{"embeddable":true,"href":"https:\/\/www.radiopresidenteibanez.cl\/web\/wp-json\/wp\/v2\/comments?post=6626"}],"version-history":[{"count":0,"href":"https:\/\/www.radiopresidenteibanez.cl\/web\/wp-json\/wp\/v2\/posts\/6626\/revisions"}],"wp:featuredmedia":[{"embeddable":true,"href":"https:\/\/www.radiopresidenteibanez.cl\/web\/wp-json\/wp\/v2\/media\/6627"}],"wp:attachment":[{"href":"https:\/\/www.radiopresidenteibanez.cl\/web\/wp-json\/wp\/v2\/media?parent=6626"}],"wp:term":[{"taxonomy":"category","embeddable":true,"href":"https:\/\/www.radiopresidenteibanez.cl\/web\/wp-json\/wp\/v2\/categories?post=6626"},{"taxonomy":"post_tag","embeddable":true,"href":"https:\/\/www.radiopresidenteibanez.cl\/web\/wp-json\/wp\/v2\/tags?post=6626"}],"curies":[{"name":"wp","href":"https:\/\/api.w.org\/{rel}","templated":true}]}}