{"id":6609,"date":"2019-08-27T14:38:33","date_gmt":"2019-08-27T14:38:33","guid":{"rendered":"http:\/\/www.radiopresidenteibanez.cl\/web\/?p=6609"},"modified":"2019-08-27T14:38:39","modified_gmt":"2019-08-27T14:38:39","slug":"ninos-de-punta-arenas-podran-ver-la-vida-secreta-de-tus-mascotas-2-de-manera-gratuita","status":"publish","type":"post","link":"https:\/\/www.radiopresidenteibanez.cl\/web\/ninos-de-punta-arenas-podran-ver-la-vida-secreta-de-tus-mascotas-2-de-manera-gratuita\/","title":{"rendered":"NI\u00d1OS DE PUNTA ARENAS PODR\u00c1N VER \u201cLA VIDA SECRETA DE TUS MASCOTAS 2\u201d DE MANERA GRATUITA"},"content":{"rendered":"\n<p>Este s\u00e1bado (31 de agosto), el Municipio de Punta Arenas, a\ntrav\u00e9s de la Unidad de Infancia y Juventud, dependiente de la Direcci\u00f3n de\nDesarrollo Comunitario (Dideco), continuar\u00e1 con el ciclo de cine gratuito, para\nni\u00f1os y ni\u00f1as de entre 6 y 14 a\u00f1os, que se realiza durante el segundo semestre.\n<\/p>\n\n\n\n<p>La actividad inicia a las 11 horas del s\u00e1bado, en el Cine\nSala Estrella, con la pel\u00edcula La vida secreta de tus mascotas 2. \u201cQueremos\ninvitar a ni\u00f1as y ni\u00f1os de Punta Arenas a disfrutar de esta linda actividad que\nhemos preparado, con el objetivo de que vivan un momento diferente junto a sus\npares. Este ciclo de cine se estar\u00e1 desarrollando durante todo lo que resta del\na\u00f1o, as\u00ed que los dejamos invitados para que puedan disfrutar de distintas\npel\u00edculas, de manera gratuita\u201d, afirm\u00f3 la directora de Desarrollo Comunitario,\nElena Blackwood.<\/p>\n\n\n\n<p>La actividad se lleva a cabo el \u00faltimo s\u00e1bado de cada mes,\nhasta noviembre y las entradas deben ser retiradas desde este mi\u00e9rcoles (28 de\nagosto) en la Unidad de Infancia y Juventud del Municipio de Punta Arenas,\nubicada en calle Junta de Gobierno 0225, entre las 9 y las 13 horas; y entre\nlas 14.30 y 17 horas.<\/p>\n","protected":false},"excerpt":{"rendered":"<p>Este s\u00e1bado (31 de agosto), el Municipio de Punta Arenas, a trav\u00e9s de la Unidad de Infancia y Juventud, dependiente de la Direcci\u00f3n de Desarrollo Comunitario (Dideco), continuar\u00e1 con el&#8230; <a class=\"read-more\" href=\"https:\/\/www.radiopresidenteibanez.cl\/web\/ninos-de-punta-arenas-podran-ver-la-vida-secreta-de-tus-mascotas-2-de-manera-gratuita\/\">Leer m\u00e1s<\/a><\/p>\n","protected":false},"author":2,"featured_media":6610,"comment_status":"closed","ping_status":"closed","sticky":false,"template":"","format":"standard","meta":{"footnotes":""},"categories":[1],"tags":[],"class_list":["post-6609","post","type-post","status-publish","format-standard","has-post-thumbnail","hentry","category-cronica"],"_links":{"self":[{"href":"https:\/\/www.radiopresidenteibanez.cl\/web\/wp-json\/wp\/v2\/posts\/6609","targetHints":{"allow":["GET"]}}],"collection":[{"href":"https:\/\/www.radiopresidenteibanez.cl\/web\/wp-json\/wp\/v2\/posts"}],"about":[{"href":"https:\/\/www.radiopresidenteibanez.cl\/web\/wp-json\/wp\/v2\/types\/post"}],"author":[{"embeddable":true,"href":"https:\/\/www.radiopresidenteibanez.cl\/web\/wp-json\/wp\/v2\/users\/2"}],"replies":[{"embeddable":true,"href":"https:\/\/www.radiopresidenteibanez.cl\/web\/wp-json\/wp\/v2\/comments?post=6609"}],"version-history":[{"count":0,"href":"https:\/\/www.radiopresidenteibanez.cl\/web\/wp-json\/wp\/v2\/posts\/6609\/revisions"}],"wp:featuredmedia":[{"embeddable":true,"href":"https:\/\/www.radiopresidenteibanez.cl\/web\/wp-json\/wp\/v2\/media\/6610"}],"wp:attachment":[{"href":"https:\/\/www.radiopresidenteibanez.cl\/web\/wp-json\/wp\/v2\/media?parent=6609"}],"wp:term":[{"taxonomy":"category","embeddable":true,"href":"https:\/\/www.radiopresidenteibanez.cl\/web\/wp-json\/wp\/v2\/categories?post=6609"},{"taxonomy":"post_tag","embeddable":true,"href":"https:\/\/www.radiopresidenteibanez.cl\/web\/wp-json\/wp\/v2\/tags?post=6609"}],"curies":[{"name":"wp","href":"https:\/\/api.w.org\/{rel}","templated":true}]}}