{"id":6603,"date":"2019-08-27T14:33:03","date_gmt":"2019-08-27T14:33:03","guid":{"rendered":"http:\/\/www.radiopresidenteibanez.cl\/web\/?p=6603"},"modified":"2019-08-27T14:33:10","modified_gmt":"2019-08-27T14:33:10","slug":"subsecretario-del-trabajo-si-hay-algo-que-no-ha-faltado-aca-es-voluntad-del-gobierno-para-interactuar-con-los-trabajadores","status":"publish","type":"post","link":"https:\/\/www.radiopresidenteibanez.cl\/web\/subsecretario-del-trabajo-si-hay-algo-que-no-ha-faltado-aca-es-voluntad-del-gobierno-para-interactuar-con-los-trabajadores\/","title":{"rendered":"SUBSECRETARIO DEL TRABAJO: \u201cSI HAY ALGO QUE NO HA FALTADO AC\u00c1 ES VOLUNTAD DEL GOBIERNO PARA INTERACTUAR CON LOS TRABAJADORES\u201d"},"content":{"rendered":"\n<p>De visita en la Regi\u00f3n\nde Magallanes como invitado de un seminario para exponer sobre las perspectivas\nlaborales presentes y futuras de la zona, el subsecretario del Trabajo,\nFernando Arab Verdugo, se reuni\u00f3 nuevamente con los representantes de los ocho\nsindicatos de la empresa Mina Invierno, dada la actual coyuntura por la que\natraviesa la empresa tras la anulaci\u00f3n del proyecto de tronaduras por parte del\nTribunal Ambiental de Valdivia.<\/p>\n\n\n\n<p>Acompa\u00f1ado por el\nintendente regional, Jos\u00e9 Fern\u00e1ndez; la Seremi del Trabajo, Victoria Cort\u00e9s; y\notras autoridades locales, Arab expuso a los presentes un plan de trabajo cuyo\nobjetivo es, por un lado, dar nuevas oportunidades laborales a quienes han\nperdido su fuente laboral y, por otro, otorgar capacitaci\u00f3n y certificaci\u00f3n de\ncompetencias a aquellos que siguen en operaciones.<\/p>\n\n\n\n<p>Seg\u00fan explic\u00f3, \u201cen lo\nconcreto, le hemos propuesto a los dirigentes \u2013y ellos han aceptado- un\nprograma que contempla cien certificaciones de competencias laborales que se\nrealizar\u00e1n los primeros d\u00edas de octubre (\u2026) a trabajadores con contratos\nvigentes en la empresa. En segundo lugar, hemos abordado cien cupos de\ncapacitaci\u00f3n en perfiles que ellos nos han pedido, ligados a labores que\nrealizan y que hoy requieren. En los pr\u00f3ximos d\u00edas iniciaremos el proceso de\nlicitaci\u00f3n para estos cien cupos destinados tanto a trabajadores que han sido\ndesvinculados como a quienes todav\u00eda se desempe\u00f1an en la empresa\u201d.<\/p>\n\n\n\n<p>Asimismo, Arab inform\u00f3\nlas gestiones realizadas con empresas mineras del norte y centro del pa\u00eds para\nlograr la contrataci\u00f3n de trabajadores mineros que hayan sido desvinculados.\n\u201cEl pr\u00f3ximo 10 y 11 de septiembre llegar\u00e1 a la regi\u00f3n una empresa minera\ndeterminada que viene a ofrecer 100 cupos laborales. Los trabajadores nos est\u00e1n\nhaciendo llegar los curr\u00edculos de las personas interesadas en desplazarse a las\nregiones del norte. Son cien puestos de trabajo concretos en labores que ellos\nconocen, con buenas remuneraciones, que se ponen a disposici\u00f3n de ellos y cuyas\nentrevistas se realizar\u00e1n ac\u00e1, para que los trabajadores no tengan que viajar a\notras zonas a dar entrevista\u201d, agreg\u00f3 el representante del Trabajo.<\/p>\n\n\n\n<p>Consultado sobre la\nrecepci\u00f3n de este plan por parte de los dirigentes, el subsecretario sostuvo\nque \u201chay algunos trabajadores que est\u00e1n de acuerdo con certificar competencias\ny otros que no les interesa y en eso consiste este proceso, que los\ntrabajadores libre y voluntariamente puedan acceder a algunas de estas\nalternativas (\u2026) por tanto, creemos que fue una muy buena reuni\u00f3n, los\ntrabajadores salieron satisfechos con las propuestas y evidentemente hay que\nseguir trabajando en esto\u201d.<\/p>\n\n\n\n<p>En relaci\u00f3n con la\nceleridad de las gestiones del gobierno, Arab se\u00f1al\u00f3 que \u201chay que acelerar el\nritmo porque cada vez que tenemos un trabajador, ya sea de Mina Invierno o de\notra faena, desempleado, tenemos que hacernos cargo y como gobierno estamos\nhaciendo eso (\u2026) la Seremi del Trabajo se ha comunicado de manera reiterada con\ncada uno de los sindicatos pidi\u00e9ndole listas de trabajadores disponibles a\ncertificarse, capacitarse o intermediar. Por tanto, si hay algo que no ha\nfaltado ac\u00e1 es voluntad del gobierno para interactuar con ellos. Aqu\u00ed nosotros\nhemos sido activos, porque al final del d\u00eda, tanto trabajadores como gobierno\nqueremos que quienes han perdido su fuente laboral puedan reubicarse de manera\nr\u00e1pida y el esfuerzo est\u00e1 puesto en ello\u201d.<\/p>\n\n\n\n<p>La autoridad fue\nenf\u00e1tica en que cada capacitaci\u00f3n y perfil requerido ha sido levantado previa\nconsulta y conversaciones con los dirigentes sindicales de la minera, haciendo\nlos requerimientos de perfiles y capacitaciones requeridas por ellos y que, a\nsu vez, tengan empleabilidad en la zona. Finalmente, el subsecretario se\u00f1al\u00f3\nque de tener \u00e9xito con las gestiones mencionadas \u2013especialmente con la\ncontrataci\u00f3n a trav\u00e9s de empresas mineras- la idea es repetir estas instancias\npara que lleguen a la zona otras empresas interesadas, lo cual deber\u00e1\nejecutarse de manera \u201ccoordinada y unida\u201d, expres\u00f3.<\/p>\n\n\n\n<p>Durante el encuentro con los dirigentes sindicales de la minera participaron, adem\u00e1s, la diputada Sandra Amar; la Senadora Carolina Goic; la Seremi de Gobierno, Alejandra Mu\u00f1oz; la Seremi de Hacienda, Lil Garc\u00e9s; y el Seremi de Miner\u00eda, Carlos Quezada.<\/p>\n","protected":false},"excerpt":{"rendered":"<p>De visita en la Regi\u00f3n de Magallanes como invitado de un seminario para exponer sobre las perspectivas laborales presentes y futuras de la zona, el subsecretario del Trabajo, Fernando Arab&#8230; <a class=\"read-more\" href=\"https:\/\/www.radiopresidenteibanez.cl\/web\/subsecretario-del-trabajo-si-hay-algo-que-no-ha-faltado-aca-es-voluntad-del-gobierno-para-interactuar-con-los-trabajadores\/\">Leer m\u00e1s<\/a><\/p>\n","protected":false},"author":2,"featured_media":6604,"comment_status":"closed","ping_status":"closed","sticky":false,"template":"","format":"standard","meta":{"footnotes":""},"categories":[1],"tags":[],"class_list":["post-6603","post","type-post","status-publish","format-standard","has-post-thumbnail","hentry","category-cronica"],"_links":{"self":[{"href":"https:\/\/www.radiopresidenteibanez.cl\/web\/wp-json\/wp\/v2\/posts\/6603","targetHints":{"allow":["GET"]}}],"collection":[{"href":"https:\/\/www.radiopresidenteibanez.cl\/web\/wp-json\/wp\/v2\/posts"}],"about":[{"href":"https:\/\/www.radiopresidenteibanez.cl\/web\/wp-json\/wp\/v2\/types\/post"}],"author":[{"embeddable":true,"href":"https:\/\/www.radiopresidenteibanez.cl\/web\/wp-json\/wp\/v2\/users\/2"}],"replies":[{"embeddable":true,"href":"https:\/\/www.radiopresidenteibanez.cl\/web\/wp-json\/wp\/v2\/comments?post=6603"}],"version-history":[{"count":0,"href":"https:\/\/www.radiopresidenteibanez.cl\/web\/wp-json\/wp\/v2\/posts\/6603\/revisions"}],"wp:featuredmedia":[{"embeddable":true,"href":"https:\/\/www.radiopresidenteibanez.cl\/web\/wp-json\/wp\/v2\/media\/6604"}],"wp:attachment":[{"href":"https:\/\/www.radiopresidenteibanez.cl\/web\/wp-json\/wp\/v2\/media?parent=6603"}],"wp:term":[{"taxonomy":"category","embeddable":true,"href":"https:\/\/www.radiopresidenteibanez.cl\/web\/wp-json\/wp\/v2\/categories?post=6603"},{"taxonomy":"post_tag","embeddable":true,"href":"https:\/\/www.radiopresidenteibanez.cl\/web\/wp-json\/wp\/v2\/tags?post=6603"}],"curies":[{"name":"wp","href":"https:\/\/api.w.org\/{rel}","templated":true}]}}