{"id":6600,"date":"2019-08-27T14:29:22","date_gmt":"2019-08-27T14:29:22","guid":{"rendered":"http:\/\/www.radiopresidenteibanez.cl\/web\/?p=6600"},"modified":"2019-08-27T14:29:28","modified_gmt":"2019-08-27T14:29:28","slug":"medico-geriatra-ramon-lobos-la-depresion-en-los-adultos-mayores","status":"publish","type":"post","link":"https:\/\/www.radiopresidenteibanez.cl\/web\/medico-geriatra-ramon-lobos-la-depresion-en-los-adultos-mayores\/","title":{"rendered":"M\u00c9DICO GERIATRA, RAM\u00d3N LOBOS: LA DEPRESI\u00d3N EN LOS ADULTOS MAYORES"},"content":{"rendered":"\n<p>La edad adulta requiere tener muchos recursos para poder\nenfrentar las problem\u00e1ticas que significa llegar a la vejez. Y no se habla s\u00f3lo\nde recursos econ\u00f3micos, sino tambi\u00e9n sociales, de salud y psicol\u00f3gicos. <\/p>\n\n\n\n<p>As\u00ed lo explica el m\u00e9dico geriatra, Ram\u00f3n Lobos V\u00e1squez,\nquien hizo ver la importancia de que los adultos mayores cultiven nuevas\namistades, adem\u00e1s de tener grupos de pertenencia y actividades sociales que les\npermitan enfrentar situaciones complejas, tener a quien recurrir y poder salir\nadelante. <\/p>\n\n\n\n<p>\u201cEsa es la importancia de construir red y la red no\nsolamente tiene que ser la familia. Por eso es importante que los adultos\nmayores participen en actividades sociales y comunitarias y tengan grupos de\nreferencia\u201d, explic\u00f3 el especialista. <\/p>\n\n\n\n<p>Lobos agreg\u00f3 que muchas veces ocurre que estos grupos, en la\nmedida que van envejeciendo, van experimentando un deterioro. En este contexto,\npara mantenerlos, la idea es hacer un intercambio intergeneracional, es decir,\nque haya gente m\u00e1s joven y tambi\u00e9n, abrir un abanico respecto de participar en\nvarios grupos de distintos tipos.<\/p>\n\n\n\n<p>\u201c\u00bfPor qu\u00e9 es importante? Porque cuando no se tienen estos\nelementos econ\u00f3micos, sicol\u00f3gicos o personales, para enfrentar la problem\u00e1tica\ndel adulto mayor, la persona tiende a encerrarse a ver c\u00f3mo salir de esta\nsituaci\u00f3n. Eso lleva a cuadros depresivos y a las manifestaciones m\u00e1s extremas,\ncuando los adultos mayores ven todo negro, no saben c\u00f3mo responder y finalmente\nterminan atentando contra su vida\u201d, precis\u00f3 el m\u00e9dico geriatra. <\/p>\n\n\n\n<p>Seg\u00fan puntualiz\u00f3, los adultos mayores que padecen cuadros\ndepresivos, tienen un comportamiento social y frente a lo que deben ser los\ndesempe\u00f1os sociales, m\u00e1s deteriorados y eso hace que se parezcan mucho a&nbsp; las personas que sufren demencia. \u201cUno de los\ndiagn\u00f3sticos diferenciales en la demencia es determinar si la persona no est\u00e1\ndepresiva y tratarla, porque mejoran y mejora el desempe\u00f1o en todos los\n\u00e1mbitos. Y eso permite que la persona tenga un mejor pasar\u201d, explic\u00f3 el\nespecialista.<\/p>\n\n\n\n<p>El m\u00e9dico llam\u00f3 a los cuidadores a buscar ayuda profesional,\nen caso que los adultos mayores est\u00e9n atravesando un cuadro depresivo, ya que\nes necesario una evaluaci\u00f3n de este tipo, para detectar de manera certera, la\nenfermedad y el tratamiento a desarrollar.&nbsp;\n<\/p>\n","protected":false},"excerpt":{"rendered":"<p>La edad adulta requiere tener muchos recursos para poder enfrentar las problem\u00e1ticas que significa llegar a la vejez. Y no se habla s\u00f3lo de recursos econ\u00f3micos, sino tambi\u00e9n sociales, de&#8230; <a class=\"read-more\" href=\"https:\/\/www.radiopresidenteibanez.cl\/web\/medico-geriatra-ramon-lobos-la-depresion-en-los-adultos-mayores\/\">Leer m\u00e1s<\/a><\/p>\n","protected":false},"author":2,"featured_media":6601,"comment_status":"closed","ping_status":"closed","sticky":false,"template":"","format":"standard","meta":{"footnotes":""},"categories":[1],"tags":[],"class_list":["post-6600","post","type-post","status-publish","format-standard","has-post-thumbnail","hentry","category-cronica"],"_links":{"self":[{"href":"https:\/\/www.radiopresidenteibanez.cl\/web\/wp-json\/wp\/v2\/posts\/6600","targetHints":{"allow":["GET"]}}],"collection":[{"href":"https:\/\/www.radiopresidenteibanez.cl\/web\/wp-json\/wp\/v2\/posts"}],"about":[{"href":"https:\/\/www.radiopresidenteibanez.cl\/web\/wp-json\/wp\/v2\/types\/post"}],"author":[{"embeddable":true,"href":"https:\/\/www.radiopresidenteibanez.cl\/web\/wp-json\/wp\/v2\/users\/2"}],"replies":[{"embeddable":true,"href":"https:\/\/www.radiopresidenteibanez.cl\/web\/wp-json\/wp\/v2\/comments?post=6600"}],"version-history":[{"count":0,"href":"https:\/\/www.radiopresidenteibanez.cl\/web\/wp-json\/wp\/v2\/posts\/6600\/revisions"}],"wp:featuredmedia":[{"embeddable":true,"href":"https:\/\/www.radiopresidenteibanez.cl\/web\/wp-json\/wp\/v2\/media\/6601"}],"wp:attachment":[{"href":"https:\/\/www.radiopresidenteibanez.cl\/web\/wp-json\/wp\/v2\/media?parent=6600"}],"wp:term":[{"taxonomy":"category","embeddable":true,"href":"https:\/\/www.radiopresidenteibanez.cl\/web\/wp-json\/wp\/v2\/categories?post=6600"},{"taxonomy":"post_tag","embeddable":true,"href":"https:\/\/www.radiopresidenteibanez.cl\/web\/wp-json\/wp\/v2\/tags?post=6600"}],"curies":[{"name":"wp","href":"https:\/\/api.w.org\/{rel}","templated":true}]}}