{"id":6598,"date":"2019-08-27T14:24:24","date_gmt":"2019-08-27T14:24:24","guid":{"rendered":"http:\/\/www.radiopresidenteibanez.cl\/web\/?p=6598"},"modified":"2019-08-27T14:24:30","modified_gmt":"2019-08-27T14:24:30","slug":"declaracion-publica-municipalidad-de-punta-arenas-por-actividad-en-el-teatro-municipal","status":"publish","type":"post","link":"https:\/\/www.radiopresidenteibanez.cl\/web\/declaracion-publica-municipalidad-de-punta-arenas-por-actividad-en-el-teatro-municipal\/","title":{"rendered":"DECLARACI\u00d3N P\u00daBLICA MUNICIPALIDAD DE PUNTA ARENAS POR ACTIVIDAD EN EL TEATRO MUNICIPAL"},"content":{"rendered":"\n<p>Ante la situaci\u00f3n ocurrida en el Teatro Municipal de Punta\nArenas, donde se realiz\u00f3 un matrimonio el pasado viernes, debemos aclarar que\nel enlace involucr\u00f3 a una pareja, integrante de la Orquesta del Teatro\nMunicipal, cuyos m\u00fasicos participan de manera voluntaria en los diferentes\neventos en que son requeridos por la Municipalidad.<\/p>\n\n\n\n<p>El evento se realiz\u00f3 en los salones del segundo piso, en un\nhorario en que la Orquesta ten\u00eda ensayo, por lo cual se hizo una excepci\u00f3n,\nconsiderando que el lugar igual iba a ser ocupado por los m\u00fasicos, quienes\ncolaboran de manera voluntaria y dedican su tiempo para amenizar los eventos\nmunicipales.<\/p>\n\n\n\n<p>La breve ceremonia no consider\u00f3 fiesta ni nada similar, s\u00f3lo\nalgo breve a solicitud de los participantes y en forma excepcional.<\/p>\n","protected":false},"excerpt":{"rendered":"<p>Ante la situaci\u00f3n ocurrida en el Teatro Municipal de Punta Arenas, donde se realiz\u00f3 un matrimonio el pasado viernes, debemos aclarar que el enlace involucr\u00f3 a una pareja, integrante de&#8230; <a class=\"read-more\" href=\"https:\/\/www.radiopresidenteibanez.cl\/web\/declaracion-publica-municipalidad-de-punta-arenas-por-actividad-en-el-teatro-municipal\/\">Leer m\u00e1s<\/a><\/p>\n","protected":false},"author":2,"featured_media":6060,"comment_status":"closed","ping_status":"closed","sticky":false,"template":"","format":"standard","meta":{"footnotes":""},"categories":[1],"tags":[],"class_list":["post-6598","post","type-post","status-publish","format-standard","has-post-thumbnail","hentry","category-cronica"],"_links":{"self":[{"href":"https:\/\/www.radiopresidenteibanez.cl\/web\/wp-json\/wp\/v2\/posts\/6598","targetHints":{"allow":["GET"]}}],"collection":[{"href":"https:\/\/www.radiopresidenteibanez.cl\/web\/wp-json\/wp\/v2\/posts"}],"about":[{"href":"https:\/\/www.radiopresidenteibanez.cl\/web\/wp-json\/wp\/v2\/types\/post"}],"author":[{"embeddable":true,"href":"https:\/\/www.radiopresidenteibanez.cl\/web\/wp-json\/wp\/v2\/users\/2"}],"replies":[{"embeddable":true,"href":"https:\/\/www.radiopresidenteibanez.cl\/web\/wp-json\/wp\/v2\/comments?post=6598"}],"version-history":[{"count":0,"href":"https:\/\/www.radiopresidenteibanez.cl\/web\/wp-json\/wp\/v2\/posts\/6598\/revisions"}],"wp:featuredmedia":[{"embeddable":true,"href":"https:\/\/www.radiopresidenteibanez.cl\/web\/wp-json\/wp\/v2\/media\/6060"}],"wp:attachment":[{"href":"https:\/\/www.radiopresidenteibanez.cl\/web\/wp-json\/wp\/v2\/media?parent=6598"}],"wp:term":[{"taxonomy":"category","embeddable":true,"href":"https:\/\/www.radiopresidenteibanez.cl\/web\/wp-json\/wp\/v2\/categories?post=6598"},{"taxonomy":"post_tag","embeddable":true,"href":"https:\/\/www.radiopresidenteibanez.cl\/web\/wp-json\/wp\/v2\/tags?post=6598"}],"curies":[{"name":"wp","href":"https:\/\/api.w.org\/{rel}","templated":true}]}}