{"id":6595,"date":"2019-08-27T14:18:51","date_gmt":"2019-08-27T14:18:51","guid":{"rendered":"http:\/\/www.radiopresidenteibanez.cl\/web\/?p=6595"},"modified":"2019-08-27T14:18:56","modified_gmt":"2019-08-27T14:18:56","slug":"este-sabado-vence-el-plazo-para-participar-en-concurso-fotografico-ponle-tu-cara-a-la-diversion","status":"publish","type":"post","link":"https:\/\/www.radiopresidenteibanez.cl\/web\/este-sabado-vence-el-plazo-para-participar-en-concurso-fotografico-ponle-tu-cara-a-la-diversion\/","title":{"rendered":"ESTE S\u00c1BADO VENCE EL PLAZO PARA PARTICIPAR EN CONCURSO FOTOGR\u00c1FICO \u201cPONLE TU CARA A LA DIVERSI\u00d3N\u201d"},"content":{"rendered":"\n<p>Hasta este s\u00e1bado (31 de agosto), estar\u00e1 abierto el plazo\npara que ni\u00f1os, ni\u00f1as y j\u00f3venes de Punta Arenas, que tengan entre 6 y 15 a\u00f1os\nde edad, participen en la segunda versi\u00f3n del concurso fotogr\u00e1fico \u201cPonle tu\ncara a la diversi\u00f3n\u201d, organizado desde la Unidad de Infancia y Juventud de la\nDirecci\u00f3n de Desarrollo Comunitario del Municipio local.<\/p>\n\n\n\n<p>La iniciativa tiene por objetivo que los participantes\npotencien su creatividad a trav\u00e9s de la fotograf\u00eda y destacar la percepci\u00f3n que\ntienen de la utilizaci\u00f3n de espacios p\u00fablicos como lugar de encuentro y juego. <\/p>\n\n\n\n<p>En este contexto, los concursantes deber\u00e1n tomarse una selfie\njugando o haciendo uso de espacios p\u00fablicos infantiles, ya sea solo, con amigos\no familiares.<\/p>\n\n\n\n<p>Los ganadores podr\u00e1n acceder a interesantes premios, como\naud\u00edfonos, parlantes o c\u00e1maras fotogr\u00e1ficas. La premiaci\u00f3n del concurso est\u00e1\nplanificada para el 26 de septiembre.<\/p>\n\n\n\n<p>Las bases del concurso est\u00e1n disponibles en el sitio web\nwww.puntaarenas.cl<\/p>\n","protected":false},"excerpt":{"rendered":"<p>Hasta este s\u00e1bado (31 de agosto), estar\u00e1 abierto el plazo para que ni\u00f1os, ni\u00f1as y j\u00f3venes de Punta Arenas, que tengan entre 6 y 15 a\u00f1os de edad, participen en&#8230; <a class=\"read-more\" href=\"https:\/\/www.radiopresidenteibanez.cl\/web\/este-sabado-vence-el-plazo-para-participar-en-concurso-fotografico-ponle-tu-cara-a-la-diversion\/\">Leer m\u00e1s<\/a><\/p>\n","protected":false},"author":2,"featured_media":6596,"comment_status":"closed","ping_status":"closed","sticky":false,"template":"","format":"standard","meta":{"footnotes":""},"categories":[1],"tags":[],"class_list":["post-6595","post","type-post","status-publish","format-standard","has-post-thumbnail","hentry","category-cronica"],"_links":{"self":[{"href":"https:\/\/www.radiopresidenteibanez.cl\/web\/wp-json\/wp\/v2\/posts\/6595","targetHints":{"allow":["GET"]}}],"collection":[{"href":"https:\/\/www.radiopresidenteibanez.cl\/web\/wp-json\/wp\/v2\/posts"}],"about":[{"href":"https:\/\/www.radiopresidenteibanez.cl\/web\/wp-json\/wp\/v2\/types\/post"}],"author":[{"embeddable":true,"href":"https:\/\/www.radiopresidenteibanez.cl\/web\/wp-json\/wp\/v2\/users\/2"}],"replies":[{"embeddable":true,"href":"https:\/\/www.radiopresidenteibanez.cl\/web\/wp-json\/wp\/v2\/comments?post=6595"}],"version-history":[{"count":0,"href":"https:\/\/www.radiopresidenteibanez.cl\/web\/wp-json\/wp\/v2\/posts\/6595\/revisions"}],"wp:featuredmedia":[{"embeddable":true,"href":"https:\/\/www.radiopresidenteibanez.cl\/web\/wp-json\/wp\/v2\/media\/6596"}],"wp:attachment":[{"href":"https:\/\/www.radiopresidenteibanez.cl\/web\/wp-json\/wp\/v2\/media?parent=6595"}],"wp:term":[{"taxonomy":"category","embeddable":true,"href":"https:\/\/www.radiopresidenteibanez.cl\/web\/wp-json\/wp\/v2\/categories?post=6595"},{"taxonomy":"post_tag","embeddable":true,"href":"https:\/\/www.radiopresidenteibanez.cl\/web\/wp-json\/wp\/v2\/tags?post=6595"}],"curies":[{"name":"wp","href":"https:\/\/api.w.org\/{rel}","templated":true}]}}