{"id":6592,"date":"2019-08-27T14:00:29","date_gmt":"2019-08-27T14:00:29","guid":{"rendered":"http:\/\/www.radiopresidenteibanez.cl\/web\/?p=6592"},"modified":"2019-08-27T14:00:36","modified_gmt":"2019-08-27T14:00:36","slug":"pdi-unica-policia-sudamericana-dedicada-a-investigar-delitos-contra-dd-hh","status":"publish","type":"post","link":"https:\/\/www.radiopresidenteibanez.cl\/web\/pdi-unica-policia-sudamericana-dedicada-a-investigar-delitos-contra-dd-hh\/","title":{"rendered":"PDI, \u00daNICA POLIC\u00cdA SUDAMERICANA DEDICADA A INVESTIGAR DELITOS CONTRA DD.HH."},"content":{"rendered":"\n<p>La Polic\u00eda de Investigaciones de Chile, con 86 a\u00f1os\nde existencia, tiene una amplia experiencia investigando violaciones a los\nDerechos Humanos y cr\u00edmenes de lesa humanidad, cr\u00edmenes que comenz\u00f3 a indagar a\npartir de las primeras querellas y acciones judiciales presentadas tras el\nretorno de la democracia, coet\u00e1neas a la publicaci\u00f3n de Informe de Verdad y\nReconciliaci\u00f3n, m\u00e1s conocido como \u201cInforme Rettig\u201d.<\/p>\n\n\n\n<p>De ese modo, nuestra instituci\u00f3n es una de las\npocas polic\u00edas en el mundo, y la \u00fanica de la regi\u00f3n, que desarrolla este tipo\nde indagatorias con detectives y una brigada especialista en la materia,\ncumpliendo de este modo con el mandato de la Corte Interamericana de Derechos\nHumanos, en orden a que \u201cel deber de investigar es una obligaci\u00f3n de medio y no\nde resultado, que debe ser asumida por el Estado como un deber jur\u00eddico propio\ny no como una simple formalidad condenada de antemano a ser infructuosa. La\nobligaci\u00f3n del Estado de investigar debe cumplirse diligentemente para evitar\nla impunidad y que los delitos no vuelvan a repetirse\u201d.<\/p>\n\n\n\n<p>As\u00ed, la experiencia adquirida por la PDI en casi 30\na\u00f1os de investigaci\u00f3n de cr\u00edmenes de lesa humanidad y violaciones a los\nDerechos Humanos, nos ha posicionado como un referente en esta materia, y ello\nadem\u00e1s nos ha permitido poner nuestros conocimientos y experiencias al servicio\nde las actuales investigaciones por violaciones a &nbsp;los Derechos Humanos en todo el espectro del\nconcepto, as\u00ed como respecto de aquellas que se enmarcan en el nuevo tipo penal\nde tortura, contemplado en la Ley 20.968.<\/p>\n\n\n\n<p>Gracias a todo lo anterior, el trabajo desarrollado\npor la PDI en el \u00e1rea de los Derechos Humanos ya es parte de la historia\nreciente de Chile, y ello ha sido valorado por todos los actores de la sociedad\ny por diversas instituciones. Quiz\u00e1 la evidencia m\u00e1s pr\u00edstina de aquello es el\nhecho de que el archivo de la Brigada Investigadora de Delitos Contra Los\nDerechos Humanos, fuera recientemente declarado \u201cMonumento Nacional\u201d, en la\ncategor\u00eda de Monumento Hist\u00f3rico, por el Consejo de Monumentos Nacionales,\ndebido a la trascendencia y connotaci\u00f3n de las investigaciones all\u00ed contenidas.\nEn el futuro inmediato, gracias a un convenio con el Archivo Nacional, como ya\nlo hizo la PDI con los archivos del Departamento 50, que combati\u00f3 al nazismo\ndurante la Segunda Guerra Mundial, esperamos conservar y digitalizar ese\nmaterial, a fin de ponerlo a disposici\u00f3n de toda la ciudadan\u00eda.<\/p>\n\n\n\n<p>Somos, por ende, herederos de un legado hist\u00f3rico,\npolicial y tambi\u00e9n \u00e9tico. En consecuencia, exigimos a nuestros detectives que\nlas investigaciones sean profesionales, rigurosas y diligentes, pero por sobre\ntodo, enmarcadas en el respeto a los derechos fundamentales de las personas y en\nlos principios de igualdad y no discriminaci\u00f3n. Debido a lo anterior es que\nestamos constantemente capacitando a nuestros funcionarios en estas materias,\ntodo lo cual refleja la importancia que la Polic\u00eda de Investigaciones de Chile\nasigna a la protecci\u00f3n de los Derechos Humanos, como valores transversales e\ninexcusables para todos sus integrantes. <\/p>\n\n\n\n<p>Juan S\u00e1nchez Quero<\/p>\n\n\n\n<p>Prefecto<\/p>\n\n\n\n<p>Jefe Nacional de Delitos Contra los Derechos Humanos\ny las Personas<\/p>\n\n\n\n<p>Polic\u00eda de Investigaciones de Chile<\/p>\n","protected":false},"excerpt":{"rendered":"<p>La Polic\u00eda de Investigaciones de Chile, con 86 a\u00f1os de existencia, tiene una amplia experiencia investigando violaciones a los Derechos Humanos y cr\u00edmenes de lesa humanidad, cr\u00edmenes que comenz\u00f3 a&#8230; <a class=\"read-more\" href=\"https:\/\/www.radiopresidenteibanez.cl\/web\/pdi-unica-policia-sudamericana-dedicada-a-investigar-delitos-contra-dd-hh\/\">Leer m\u00e1s<\/a><\/p>\n","protected":false},"author":2,"featured_media":6593,"comment_status":"closed","ping_status":"closed","sticky":false,"template":"","format":"standard","meta":{"footnotes":""},"categories":[1],"tags":[],"class_list":["post-6592","post","type-post","status-publish","format-standard","has-post-thumbnail","hentry","category-cronica"],"_links":{"self":[{"href":"https:\/\/www.radiopresidenteibanez.cl\/web\/wp-json\/wp\/v2\/posts\/6592","targetHints":{"allow":["GET"]}}],"collection":[{"href":"https:\/\/www.radiopresidenteibanez.cl\/web\/wp-json\/wp\/v2\/posts"}],"about":[{"href":"https:\/\/www.radiopresidenteibanez.cl\/web\/wp-json\/wp\/v2\/types\/post"}],"author":[{"embeddable":true,"href":"https:\/\/www.radiopresidenteibanez.cl\/web\/wp-json\/wp\/v2\/users\/2"}],"replies":[{"embeddable":true,"href":"https:\/\/www.radiopresidenteibanez.cl\/web\/wp-json\/wp\/v2\/comments?post=6592"}],"version-history":[{"count":0,"href":"https:\/\/www.radiopresidenteibanez.cl\/web\/wp-json\/wp\/v2\/posts\/6592\/revisions"}],"wp:featuredmedia":[{"embeddable":true,"href":"https:\/\/www.radiopresidenteibanez.cl\/web\/wp-json\/wp\/v2\/media\/6593"}],"wp:attachment":[{"href":"https:\/\/www.radiopresidenteibanez.cl\/web\/wp-json\/wp\/v2\/media?parent=6592"}],"wp:term":[{"taxonomy":"category","embeddable":true,"href":"https:\/\/www.radiopresidenteibanez.cl\/web\/wp-json\/wp\/v2\/categories?post=6592"},{"taxonomy":"post_tag","embeddable":true,"href":"https:\/\/www.radiopresidenteibanez.cl\/web\/wp-json\/wp\/v2\/tags?post=6592"}],"curies":[{"name":"wp","href":"https:\/\/api.w.org\/{rel}","templated":true}]}}