{"id":6583,"date":"2019-08-26T15:19:47","date_gmt":"2019-08-26T15:19:47","guid":{"rendered":"http:\/\/www.radiopresidenteibanez.cl\/web\/?p=6583"},"modified":"2019-08-26T15:19:53","modified_gmt":"2019-08-26T15:19:53","slug":"diputada-amar-solicita-modificar-el-codigo-penal-y-aumentar-las-penas-para-el-abigeato","status":"publish","type":"post","link":"https:\/\/www.radiopresidenteibanez.cl\/web\/diputada-amar-solicita-modificar-el-codigo-penal-y-aumentar-las-penas-para-el-abigeato\/","title":{"rendered":"DIPUTADA AMAR SOLICITA MODIFICAR EL C\u00d3DIGO PENAL Y AUMENTAR LAS PENAS PARA EL ABIGEATO"},"content":{"rendered":"\n<p>Producto de la acci\u00f3n delictual reiterada y la escaza\nresoluci\u00f3n de los delitos de abigeato, la diputada Sandra Amar present\u00f3 un\nproyecto mediante el cual solicita la modificaci\u00f3n del C\u00f3digo Penal en orden a\naumentar las penas para este delito, as\u00ed como para sancionar a quien compre\nproductos en el comercio formal o informal, generados a partir del abigeato.<\/p>\n\n\n\n<p>\u201cEn general la delincuencia es un fen\u00f3meno dif\u00edcil de\nabordar ya que en todas estas instancias surge la dicotom\u00eda entre control y\nsanci\u00f3n, junto con el cuestionamiento de c\u00f3mo el Estado debe proteger a sus\nciudadanos y hacer cumplir la ley\u201d, asegura Amar, y agrega que \u201cno cabe duda\nque la incorporaci\u00f3n de mejores tecnolog\u00edas investigativas y t\u00e9cnicas para el\ncontrol y represi\u00f3n del delito de abigeato, urgen en estos tiempos, en donde\nlas zonas de nuestro pa\u00eds con potencial y orientaci\u00f3n agr\u00edcola \u2013 ganadero, exigen\nde nosotros los&nbsp; legisladores, mayores\nreglas tendientes al control de la criminalidad asociada a este delito\u201d.<\/p>\n\n\n\n<p>De acuerdo a lo anterior el proyecto presentado por la\ndiputada Amar busca incrementar en un grado el delito de abigeato, penalizando\nadem\u00e1s la compra de carne por parte de un tercero.<\/p>\n\n\n\n<p>\u201cEl clamor de los ganaderos ha sido sostenido en el tiempo y\nlamentablemente hasta hoy no se ha podido dar soluci\u00f3n al problema que los\naqueja. Espero que este proyecto que hemos trabajado en conjunto con ellos y\ncon Carabineros, funde las bases para avanzar hacia la persecuci\u00f3n y\npenalizaci\u00f3n efectiva de quienes cometen abigeato no solo en Magallanes, sino\nque en todo el pa\u00eds\u201d. Finaliz\u00f3 la parlamentaria.<\/p>\n","protected":false},"excerpt":{"rendered":"<p>Producto de la acci\u00f3n delictual reiterada y la escaza resoluci\u00f3n de los delitos de abigeato, la diputada Sandra Amar present\u00f3 un proyecto mediante el cual solicita la modificaci\u00f3n del C\u00f3digo&#8230; <a class=\"read-more\" href=\"https:\/\/www.radiopresidenteibanez.cl\/web\/diputada-amar-solicita-modificar-el-codigo-penal-y-aumentar-las-penas-para-el-abigeato\/\">Leer m\u00e1s<\/a><\/p>\n","protected":false},"author":2,"featured_media":3008,"comment_status":"closed","ping_status":"closed","sticky":false,"template":"","format":"standard","meta":{"footnotes":""},"categories":[1],"tags":[],"class_list":["post-6583","post","type-post","status-publish","format-standard","has-post-thumbnail","hentry","category-cronica"],"_links":{"self":[{"href":"https:\/\/www.radiopresidenteibanez.cl\/web\/wp-json\/wp\/v2\/posts\/6583","targetHints":{"allow":["GET"]}}],"collection":[{"href":"https:\/\/www.radiopresidenteibanez.cl\/web\/wp-json\/wp\/v2\/posts"}],"about":[{"href":"https:\/\/www.radiopresidenteibanez.cl\/web\/wp-json\/wp\/v2\/types\/post"}],"author":[{"embeddable":true,"href":"https:\/\/www.radiopresidenteibanez.cl\/web\/wp-json\/wp\/v2\/users\/2"}],"replies":[{"embeddable":true,"href":"https:\/\/www.radiopresidenteibanez.cl\/web\/wp-json\/wp\/v2\/comments?post=6583"}],"version-history":[{"count":0,"href":"https:\/\/www.radiopresidenteibanez.cl\/web\/wp-json\/wp\/v2\/posts\/6583\/revisions"}],"wp:featuredmedia":[{"embeddable":true,"href":"https:\/\/www.radiopresidenteibanez.cl\/web\/wp-json\/wp\/v2\/media\/3008"}],"wp:attachment":[{"href":"https:\/\/www.radiopresidenteibanez.cl\/web\/wp-json\/wp\/v2\/media?parent=6583"}],"wp:term":[{"taxonomy":"category","embeddable":true,"href":"https:\/\/www.radiopresidenteibanez.cl\/web\/wp-json\/wp\/v2\/categories?post=6583"},{"taxonomy":"post_tag","embeddable":true,"href":"https:\/\/www.radiopresidenteibanez.cl\/web\/wp-json\/wp\/v2\/tags?post=6583"}],"curies":[{"name":"wp","href":"https:\/\/api.w.org\/{rel}","templated":true}]}}