{"id":6578,"date":"2019-08-25T18:22:41","date_gmt":"2019-08-25T18:22:41","guid":{"rendered":"http:\/\/www.radiopresidenteibanez.cl\/web\/?p=6578"},"modified":"2019-08-25T18:22:46","modified_gmt":"2019-08-25T18:22:46","slug":"volviendo-atras-por-pablo-cruz","status":"publish","type":"post","link":"https:\/\/www.radiopresidenteibanez.cl\/web\/volviendo-atras-por-pablo-cruz\/","title":{"rendered":"VOLVIENDO ATR\u00c1S por PABLO CRUZ"},"content":{"rendered":"\n<p>El periodista Mauricio Weibel realiz\u00f3 un reportaje de investigaci\u00f3n sobre los fraudes cometidos por personal del Ej\u00e9rcito, que rob\u00f3 fondos correspondientes a la ley reservada del cobre para su uso personal.<\/p>\n\n\n\n<p>Cuando el Ej\u00e9rcito se enter\u00f3 de la investigaci\u00f3n period\u00edstica, el general Ricardo Mart\u00ednez, actualmente comandante en jefe de la instituci\u00f3n, orden\u00f3 a la Direcci\u00f3n de Inteligencia del Ej\u00e9rcito, la Dine (no Dina), una operaci\u00f3n de espionaje en contra del periodista, seg\u00fan denunci\u00f3 el diario La Tercera.<\/p>\n\n\n\n<p>No fue el \u00fanico espionaje, seg\u00fan el diario. Tambi\u00e9n se espi\u00f3 a oficiales que denunciaron irregularidades en el Ej\u00e9rcito.<\/p>\n\n\n\n<p>La publicaci\u00f3n de La Tercera caus\u00f3 tal esc\u00e1ndalo, que una comisi\u00f3n de la C\u00e1mara de Diputados inici\u00f3 una investigaci\u00f3n, que incluy\u00f3, la semana pasada, una visita de los diputados a la sede de la Dine, donde el comandante en jefe del Ej\u00e9rcito y otros oficiales y el Subsecretario de Defensa, recibieron a los parlamentarios.<\/p>\n\n\n\n<p>En la reuni\u00f3n, que dur\u00f3 varias horas, incluyendo un buen almuerzo entre militares y diputados,&nbsp; los uniformados confirmaron que hab\u00edan espiado al periodista y a cuatro militares, pero que todo era muy legal, porque el espionaje hab\u00eda sido autorizado por el integrante de la Corte de Apelaciones de Santiago Juan Poblete.<\/p>\n\n\n\n<p>El diputado socialista Ra\u00fal Leiva, al t\u00e9rmino de la reuni\u00f3n, dijo que \u00e9sta hab\u00eda sido muy buena y que se iban conformes con la informaci\u00f3n recibida.<\/p>\n\n\n\n<p>Ahora la comisi\u00f3n seguir\u00e1 sesionando para decidir si el espionaje se ajust\u00f3 a la ley.<\/p>\n\n\n\n<p>El espionaje del Ej\u00e9rcito a un periodista, porque investig\u00f3 un fraude de los militares, trae recuerdos del Chile del a\u00f1o 73 y adelante, durante la dictadura de las Fuerzas Armadas.<\/p>\n\n\n\n<p>En esa \u00e9poca no solo hubo espionaje, sino otras atrocidades bien documentadas que todav\u00eda hoy causan horror.<\/p>\n\n\n\n<p>Tambi\u00e9n en ese per\u00edodo se explicaba que todos esos atropellos eran legales. Era la \u00e9poca en que los tribunales de justicia le dec\u00edan okey a todo lo que hac\u00edan los militares.<\/p>\n\n\n\n<p>Qu\u00e9 bueno que los diputados se hayan ido conformes despu\u00e9s de su reuni\u00f3n-almuerzo con los superiores del Ej\u00e9rcito y lo m\u00e1s probable que ahora descubran que el espionaje fue dentro de la ley.<\/p>\n\n\n\n<p>Pero quienes no somos militares, ni diputados, ni jueces, nos preguntamos si leyes que autorizan el espionaje a civiles o periodistas deben existir y si este caso de espionaje es una advertencia para que los periodistas no investiguen las marruller\u00edas de los poderosos.<br><\/p>\n","protected":false},"excerpt":{"rendered":"<p>El periodista Mauricio Weibel realiz\u00f3 un reportaje de investigaci\u00f3n sobre los fraudes cometidos por personal del Ej\u00e9rcito, que rob\u00f3 fondos correspondientes a la ley reservada del cobre para su uso&#8230; <a class=\"read-more\" href=\"https:\/\/www.radiopresidenteibanez.cl\/web\/volviendo-atras-por-pablo-cruz\/\">Leer m\u00e1s<\/a><\/p>\n","protected":false},"author":2,"featured_media":6141,"comment_status":"closed","ping_status":"closed","sticky":false,"template":"","format":"standard","meta":{"footnotes":""},"categories":[1],"tags":[],"class_list":["post-6578","post","type-post","status-publish","format-standard","has-post-thumbnail","hentry","category-cronica"],"_links":{"self":[{"href":"https:\/\/www.radiopresidenteibanez.cl\/web\/wp-json\/wp\/v2\/posts\/6578","targetHints":{"allow":["GET"]}}],"collection":[{"href":"https:\/\/www.radiopresidenteibanez.cl\/web\/wp-json\/wp\/v2\/posts"}],"about":[{"href":"https:\/\/www.radiopresidenteibanez.cl\/web\/wp-json\/wp\/v2\/types\/post"}],"author":[{"embeddable":true,"href":"https:\/\/www.radiopresidenteibanez.cl\/web\/wp-json\/wp\/v2\/users\/2"}],"replies":[{"embeddable":true,"href":"https:\/\/www.radiopresidenteibanez.cl\/web\/wp-json\/wp\/v2\/comments?post=6578"}],"version-history":[{"count":0,"href":"https:\/\/www.radiopresidenteibanez.cl\/web\/wp-json\/wp\/v2\/posts\/6578\/revisions"}],"wp:featuredmedia":[{"embeddable":true,"href":"https:\/\/www.radiopresidenteibanez.cl\/web\/wp-json\/wp\/v2\/media\/6141"}],"wp:attachment":[{"href":"https:\/\/www.radiopresidenteibanez.cl\/web\/wp-json\/wp\/v2\/media?parent=6578"}],"wp:term":[{"taxonomy":"category","embeddable":true,"href":"https:\/\/www.radiopresidenteibanez.cl\/web\/wp-json\/wp\/v2\/categories?post=6578"},{"taxonomy":"post_tag","embeddable":true,"href":"https:\/\/www.radiopresidenteibanez.cl\/web\/wp-json\/wp\/v2\/tags?post=6578"}],"curies":[{"name":"wp","href":"https:\/\/api.w.org\/{rel}","templated":true}]}}