{"id":6573,"date":"2019-08-25T18:15:04","date_gmt":"2019-08-25T18:15:04","guid":{"rendered":"http:\/\/www.radiopresidenteibanez.cl\/web\/?p=6573"},"modified":"2019-08-25T18:15:12","modified_gmt":"2019-08-25T18:15:12","slug":"magallanes-elige-vidrio-parten-a-santiago-los-primeros-40-mil-kilos-de-vidrio-reciclado","status":"publish","type":"post","link":"https:\/\/www.radiopresidenteibanez.cl\/web\/magallanes-elige-vidrio-parten-a-santiago-los-primeros-40-mil-kilos-de-vidrio-reciclado\/","title":{"rendered":"MAGALLANES ELIGE VIDRIO: PARTEN A SANTIAGO LOS PRIMEROS 40 MIL KILOS DE VIDRIO RECICLADO"},"content":{"rendered":"\n<p>La campa\u00f1a de reciclaje m\u00e1s austral del mundo, \u201cMagallanes Elige Vidrio\u201d, sum\u00f3 un nuevo hito en Punta Arenas al confirmar el despacho de m\u00e1s de 40 mil kilos de vidrio que ser\u00e1n reciclados por Cristaler\u00edas Chile en Santiago.<\/p>\n\n\n\n<p>Son m\u00e1s de 130 mil envases y botellas de vidrio que tendr\u00e1n un nuevo proceso de reciclaje, en donde el pilar fundamental ser\u00e1 evitar la disposici\u00f3n de nuevos residuos en el vertedero de Punta Arenas.<\/p>\n\n\n\n<p>Una cifra in\u00e9dita que se logr\u00f3 gracias a la implementaci\u00f3n de un modelo de reciclaje sostenible, fruto del acuerdo entre la Ilustre Municipalidad de Punta Arenas, la causa ciudadana Elige Vidrio, y distintos actores p\u00fablicos y privados de la regi\u00f3n, fortaleciendo as\u00ed una gesti\u00f3n 100% local.<\/p>\n\n\n\n<p>\u201cEsto es el reciclaje y por eso estamos muy contentos que como ciudad comencemos a reciclar con una trazabilidad clara y transparente. \u00bfCu\u00e1l es la meta? que todas las botellas de vidrio vayan a ser recicladas. Esto comenz\u00f3 hace seis meses con las campanas verdes que est\u00e1n en muchos lugares de nuestra ciudad, en sitios seguros y con acceso al p\u00fablico. Ahora estamos con cerca de 21 puntos para que los vecinos sigan yendo a botar sus botellas para que sepan que tiene su fruto. El esfuerzo de cada vecino de Punta Arenas est\u00e1 ac\u00e1\u201d, explic\u00f3 el alcalde de Punta Arenas, Claudio Radonich.<\/p>\n\n\n\n<p>Cerca de 21 campanas para el acopio de envases de vidrio est\u00e1n presentes en distintos puntos de la ciudad, entre los que est\u00e1n el Aeropuerto, la Plaza de Armas Benjam\u00edn Mu\u00f1oz Gamero y los muelles Prat, Mardones y Tres Puentes, y que refuerzan el compromiso de la Municipalidad de Punta Arenas y de Elige Vidrio por el cuidado ambiental de la comuna y el fomento hacia la econom\u00eda circular de los residuos.<\/p>\n\n\n\n<p>\u201cEste es un d\u00eda hist\u00f3rico. Gracias al trabajo mancomunado entre el sector p\u00fablico y privado, hemos hecho realidad un modelo in\u00e9dito de reciclaje para una zona extrema de nuestro pa\u00eds, que adem\u00e1s es sostenible desde una perspectiva econ\u00f3mica, social y ambiental. Gracias a la participaci\u00f3n de todos los actores que creyeron en Magallanes Elige Vidrio, el vidrio de Punta Arenas ya no se ir\u00e1 al vertedero y ser\u00e1 100% reciclado para la creaci\u00f3n de nuevos envases de vidrio\u201d, agreg\u00f3 Jorge Romero, vocero de Elige Vidrio y Jefe de Reciclaje de Cristalchile.<\/p>\n\n\n\n<p><strong>Alianza p\u00fablico-privada<\/strong><\/p>\n\n\n\n<p>Esta es la primera red de reciclaje&nbsp;<strong>permanente, segura y sostenible<\/strong>&nbsp;de la zona, fruto de la vinculaci\u00f3n entre actores p\u00fablicos y privados claves de Punta Arenas y de la Regi\u00f3n de Magallanes.<\/p>\n\n\n\n<p>Adem\u00e1s de la Ilustre Municipalidad de Punta Arenas y de Elige Vidrio, la alianza incluye a Ulog, Transmares, Cervecer\u00eda Austral, y otros actores de la zona, que sustentan un trabajo continuo con la comunidad a trav\u00e9s de la recuperaci\u00f3n del vidrio en los hogares, las empresas y en los distintos hoteles y restaurantes de la ciudad.<br><\/p>\n","protected":false},"excerpt":{"rendered":"<p>La campa\u00f1a de reciclaje m\u00e1s austral del mundo, \u201cMagallanes Elige Vidrio\u201d, sum\u00f3 un nuevo hito en Punta Arenas al confirmar el despacho de m\u00e1s de 40 mil kilos de vidrio&#8230; <a class=\"read-more\" href=\"https:\/\/www.radiopresidenteibanez.cl\/web\/magallanes-elige-vidrio-parten-a-santiago-los-primeros-40-mil-kilos-de-vidrio-reciclado\/\">Leer m\u00e1s<\/a><\/p>\n","protected":false},"author":2,"featured_media":6574,"comment_status":"closed","ping_status":"closed","sticky":false,"template":"","format":"standard","meta":{"footnotes":""},"categories":[1],"tags":[],"class_list":["post-6573","post","type-post","status-publish","format-standard","has-post-thumbnail","hentry","category-cronica"],"_links":{"self":[{"href":"https:\/\/www.radiopresidenteibanez.cl\/web\/wp-json\/wp\/v2\/posts\/6573","targetHints":{"allow":["GET"]}}],"collection":[{"href":"https:\/\/www.radiopresidenteibanez.cl\/web\/wp-json\/wp\/v2\/posts"}],"about":[{"href":"https:\/\/www.radiopresidenteibanez.cl\/web\/wp-json\/wp\/v2\/types\/post"}],"author":[{"embeddable":true,"href":"https:\/\/www.radiopresidenteibanez.cl\/web\/wp-json\/wp\/v2\/users\/2"}],"replies":[{"embeddable":true,"href":"https:\/\/www.radiopresidenteibanez.cl\/web\/wp-json\/wp\/v2\/comments?post=6573"}],"version-history":[{"count":0,"href":"https:\/\/www.radiopresidenteibanez.cl\/web\/wp-json\/wp\/v2\/posts\/6573\/revisions"}],"wp:featuredmedia":[{"embeddable":true,"href":"https:\/\/www.radiopresidenteibanez.cl\/web\/wp-json\/wp\/v2\/media\/6574"}],"wp:attachment":[{"href":"https:\/\/www.radiopresidenteibanez.cl\/web\/wp-json\/wp\/v2\/media?parent=6573"}],"wp:term":[{"taxonomy":"category","embeddable":true,"href":"https:\/\/www.radiopresidenteibanez.cl\/web\/wp-json\/wp\/v2\/categories?post=6573"},{"taxonomy":"post_tag","embeddable":true,"href":"https:\/\/www.radiopresidenteibanez.cl\/web\/wp-json\/wp\/v2\/tags?post=6573"}],"curies":[{"name":"wp","href":"https:\/\/api.w.org\/{rel}","templated":true}]}}