{"id":6570,"date":"2019-08-25T18:10:23","date_gmt":"2019-08-25T18:10:23","guid":{"rendered":"http:\/\/www.radiopresidenteibanez.cl\/web\/?p=6570"},"modified":"2019-08-25T18:10:29","modified_gmt":"2019-08-25T18:10:29","slug":"seremi-de-salud-magallanes-continua-con-talleres-destinados-a-la-comunidad-migrante-para-mejorar-la-informacion-y-el-acceso-a-salud","status":"publish","type":"post","link":"https:\/\/www.radiopresidenteibanez.cl\/web\/seremi-de-salud-magallanes-continua-con-talleres-destinados-a-la-comunidad-migrante-para-mejorar-la-informacion-y-el-acceso-a-salud\/","title":{"rendered":"SEREMI DE SALUD MAGALLANES CONTIN\u00daA CON TALLERES DESTINADOS A LA COMUNIDAD MIGRANTE PARA MEJORAR LA INFORMACI\u00d3N Y EL ACCESO A SALUD"},"content":{"rendered":"\n<p>Chile durante\nlos \u00faltimos a\u00f1os se ha transformado en un pa\u00eds de destino migratorio. En este\ncontexto la Estrategia Nacional de Salud para el 2011-2020 &nbsp;ha considerado el desarrollo de la Pol\u00edtica de\nSalud de Migrantes Internacionales como uno de sus resultados esperados,\nenfoc\u00e1ndose en mejorar el acceso a la salud de las personas migrantes.<\/p>\n\n\n\n<p>El desaf\u00edo\ndel sistema de salud es avanzar en una cobertura universal que incorpore a\ntodos los grupos de la poblaci\u00f3n, con \u00e9nfasis especial en las personas\nmigrantes, lo que constituye un imperativo \u00e9tico. <\/p>\n\n\n\n<p>La\nprofesional Katia Kusch, encargada subrogante del Programa Migrantes de la\nSEREMI de Salud, explic\u00f3 que el a\u00f1o 2017 se realiz\u00f3 el \u201cPrimer Conversatorio de\nSalud y Migrantes en Magallanes\u201d; iniciativa organizada por la Secretar\u00eda\nRegional Ministerial de Salud, el Servicio de Salud Magallanes y el Hospital\nCl\u00ednico, con el objetivo de levantar informaci\u00f3n sobre necesidades y brechas en\natenci\u00f3n de salud de migrante internacionales. El a\u00f1o 2018, agreg\u00f3, se realiz\u00f3\nel mismo conversatorio pero en Puerto Natales y 2 talleres en Punta Arenas con\ntemas relacionados a la informaci\u00f3n levantada en el conversatorio del a\u00f1o 2017.<\/p>\n\n\n\n<p>Este a\u00f1o, se\nha realizado un taller en Puerto Natales con los temas de Salud Mental y Ley de\nAccidentes del Trabajo, y para continuar con estos encuentros en Punta Arenas\nse realiz\u00f3 un taller el pasado 20 de agosto una Capacitaci\u00f3n de Salud Mental. \u201cEn\nesta oportunidad tuvimos como motivaci\u00f3n incluir el desarrollo de dos\ntem\u00e1ticas, los factores protectores de salud mental con orientaciones sobre lo\nque es salud mental, c\u00f3mo la podemos proteger y la red p\u00fablica que existe en\nnuestra regi\u00f3n en caso que tengamos que tratar alguna patolog\u00eda de salud\nmental\u201d explic\u00f3 Katia Kusch, agregando que tambi\u00e9n se incluy\u00f3 una exposici\u00f3n\nsobre salud sexual segura. <\/p>\n\n\n\n<p>La enfermera\nConstanza Bravo, Encargada del Programa de Prevenci\u00f3n de VIH e ITS de la SEREMI,\ncomo una de las relatoras de la jornada, explic\u00f3 que respecto a su intervenci\u00f3n\nque \u201cnosotros buscamos\ncomo Programa llegar a la mayor cantidad de personas posibles en cuanto al tema\nde entregar medidas preventivas, que se conozca de qu\u00e9 se trata el VIH, las\nv\u00edas de transmisi\u00f3n y que todas las personas que viven en nuestra regi\u00f3n, conozcan\nbien los riesgos y cu\u00e1les son las medidas que debemos tomar frente a la\nepidemia del VIH SIDA que va en aumento\u201d. <\/p>\n\n\n\n<p>Indic\u00f3\nque \u201cla principal medida preventiva es usar un cond\u00f3n femenino o uno masculino\nque otorga la oportunidad, que tanto hombres como mujeres podemos tomar la\ndecisi\u00f3n de protegernos frente a las infecciones de transmisi\u00f3n sexual,\nincluyendo el VIH\u201d, finaliz\u00f3.<\/p>\n\n\n\n<p>La\nPsic\u00f3loga del COSAM Miraflores, Ximena Haro, quien estuvo a cargo de la\nexposici\u00f3n del tema Salud Mental detall\u00f3 que \u201cjunto a mi colega, tambi\u00e9n\npsic\u00f3loga, Claudia Luengo, realizamos una exposici\u00f3n sobre lo que significa la\nsalud mental, el poder entender de qu\u00e9 se trata, resaltar cu\u00e1les son los\nfactores psicol\u00f3gicos m\u00e1s protectores y tambi\u00e9n los factores sociales que\ninciden en lo que es la salud mental. Adem\u00e1s, de mostrar la red de apoyo\nexistente en esta materia\u201d.<\/p>\n\n\n\n<p>Geraldine P\u00e9rez, una de las asistentes al\nencuentro y Presidenta de la Agrupaci\u00f3n de Venezolanos en la Patagonia,\nmanifest\u00f3: \u201cPrimero agradecer a todos los que trabajan el tema de salud y que\nsiempre ha enfocado sus talleres a la comunidad migrante, especialmente con\nnuestra agrupaci\u00f3n. De hecho tuvimos un encuentro en una de nuestras reuniones\nque hacemos mensuales con la gente del COSAM. Nuevamente hoy nos encontramos y\neste taller ha sido s\u00faper \u00fatil, una informaci\u00f3n que ha sido muy necesaria y\nsobre todo para nosotros como migrantes, que nos estamos incorporando en este\npa\u00eds. Lo l\u00f3gico y lo normal es que hagamos vida y convivencia con la gente y\npoder integrarnos a la salud\u201d.<\/p>\n","protected":false},"excerpt":{"rendered":"<p>Chile durante los \u00faltimos a\u00f1os se ha transformado en un pa\u00eds de destino migratorio. En este contexto la Estrategia Nacional de Salud para el 2011-2020 &nbsp;ha considerado el desarrollo de&#8230; <a class=\"read-more\" href=\"https:\/\/www.radiopresidenteibanez.cl\/web\/seremi-de-salud-magallanes-continua-con-talleres-destinados-a-la-comunidad-migrante-para-mejorar-la-informacion-y-el-acceso-a-salud\/\">Leer m\u00e1s<\/a><\/p>\n","protected":false},"author":2,"featured_media":6571,"comment_status":"closed","ping_status":"closed","sticky":false,"template":"","format":"standard","meta":{"footnotes":""},"categories":[1],"tags":[],"class_list":["post-6570","post","type-post","status-publish","format-standard","has-post-thumbnail","hentry","category-cronica"],"_links":{"self":[{"href":"https:\/\/www.radiopresidenteibanez.cl\/web\/wp-json\/wp\/v2\/posts\/6570","targetHints":{"allow":["GET"]}}],"collection":[{"href":"https:\/\/www.radiopresidenteibanez.cl\/web\/wp-json\/wp\/v2\/posts"}],"about":[{"href":"https:\/\/www.radiopresidenteibanez.cl\/web\/wp-json\/wp\/v2\/types\/post"}],"author":[{"embeddable":true,"href":"https:\/\/www.radiopresidenteibanez.cl\/web\/wp-json\/wp\/v2\/users\/2"}],"replies":[{"embeddable":true,"href":"https:\/\/www.radiopresidenteibanez.cl\/web\/wp-json\/wp\/v2\/comments?post=6570"}],"version-history":[{"count":0,"href":"https:\/\/www.radiopresidenteibanez.cl\/web\/wp-json\/wp\/v2\/posts\/6570\/revisions"}],"wp:featuredmedia":[{"embeddable":true,"href":"https:\/\/www.radiopresidenteibanez.cl\/web\/wp-json\/wp\/v2\/media\/6571"}],"wp:attachment":[{"href":"https:\/\/www.radiopresidenteibanez.cl\/web\/wp-json\/wp\/v2\/media?parent=6570"}],"wp:term":[{"taxonomy":"category","embeddable":true,"href":"https:\/\/www.radiopresidenteibanez.cl\/web\/wp-json\/wp\/v2\/categories?post=6570"},{"taxonomy":"post_tag","embeddable":true,"href":"https:\/\/www.radiopresidenteibanez.cl\/web\/wp-json\/wp\/v2\/tags?post=6570"}],"curies":[{"name":"wp","href":"https:\/\/api.w.org\/{rel}","templated":true}]}}