{"id":6568,"date":"2019-08-25T18:04:57","date_gmt":"2019-08-25T18:04:57","guid":{"rendered":"http:\/\/www.radiopresidenteibanez.cl\/web\/?p=6568"},"modified":"2019-08-25T18:05:05","modified_gmt":"2019-08-25T18:05:05","slug":"diputada-amar-celebra-aprobacion-de-proyecto-de-modernizacion-tributaria","status":"publish","type":"post","link":"https:\/\/www.radiopresidenteibanez.cl\/web\/diputada-amar-celebra-aprobacion-de-proyecto-de-modernizacion-tributaria\/","title":{"rendered":"DIPUTADA AMAR CELEBRA APROBACI\u00d3N DE PROYECTO DE MODERNIZACI\u00d3N TRIBUTARIA"},"content":{"rendered":"\n<p>Tras la aprobaci\u00f3n del proyecto de ley proyecto de Modernizaci\u00f3n Tributaria, impulsada por el gobierno del Presidente Sebasti\u00e1n Pi\u00f1era, la diputada Sandra Amar subray\u00f3 que \u201cesta iniciativa traer\u00e1 grandes beneficios para las Pymes, la clase media, a los adultos mayores y generar\u00e1 importantes ingresos para las regiones\u201d.<\/p>\n\n\n\n<p>Y en esa l\u00ednea, la parlamentaria gremialista asegur\u00f3 que este es un paso muy importante para renovar y reimpulsar la econom\u00eda que tanta falta le hace al pa\u00eds, \u201cel proyecto trae importantes beneficios para las Pymes, simplifica el r\u00e9gimen tributario, reducci\u00f3n de contribuciones a los adultos mayores e incorpora elementos que fomentan el crecimiento, la competitividad y generaci\u00f3n de empleos\u201d.<\/p>\n\n\n\n<p>\u201cEste proyecto constituye un mejoramiento sustancial de nuestro sistema tributario, generando incentivos a la inversi\u00f3n, otorgando certeza jur\u00eddica a los contribuyentes y simplificando el engorroso sistema heredado de la reforma de 2014\u201d, a\u00f1adi\u00f3 Amar.<\/p>\n\n\n\n<p>La diputada UDI destac\u00f3 que la iniciativa aprobada y que pasa a segundo tr\u00e1mite constitucional al Senado \u201ccontempla la separaci\u00f3n del IVA en la boleta, que fue una propuesta de la UDI, lo que generar\u00e1 conciencia en la poblaci\u00f3n respecto a los tributos que se pagan, dejando sin efecto aquella visi\u00f3n que se\u00f1ala que solo quienes tienen altas rentas pagan impuestos\u201d.<\/p>\n\n\n\n<p>A su vez, Amar subray\u00f3 la importancia de la Cl\u00e1usula Pyme, que \u201cestablece un r\u00e9gimen especial para nuestras micro, peque\u00f1as y medianas empresas, las cuales, por el solo ministerio de la ley, ingresar\u00e1 a este r\u00e9gimen que les permitir\u00e1 pagar una tasa de 25% de impuestos, llevar contabilidad simplificada y optar por un r\u00e9gimen de transparencia tributaria, entre otros\u201d.<\/p>\n\n\n\n<p>Finalmente, la diputada Sandra Amar recalc\u00f3 que el proyecto \u201cincorpora un incentivo a la inversi\u00f3n en regiones, donde las iniciativas que superen una inversi\u00f3n de $10 millones, que deban ser sometidos a Evaluaci\u00f3n de Impacto Ambiental, deber\u00e1n efectuar una contribuci\u00f3n regional del 1% del valor de la iniciativa. Este tributo ser\u00e1 distribuido entre la municipalidad donde se levante el proyecto y el Gobierno Regional, para ser invertido en otras iniciativas de inter\u00e9s regional y comunal\u201d.<\/p>\n","protected":false},"excerpt":{"rendered":"<p>Tras la aprobaci\u00f3n del proyecto de ley proyecto de Modernizaci\u00f3n Tributaria, impulsada por el gobierno del Presidente Sebasti\u00e1n Pi\u00f1era, la diputada Sandra Amar subray\u00f3 que \u201cesta iniciativa traer\u00e1 grandes beneficios&#8230; <a class=\"read-more\" href=\"https:\/\/www.radiopresidenteibanez.cl\/web\/diputada-amar-celebra-aprobacion-de-proyecto-de-modernizacion-tributaria\/\">Leer m\u00e1s<\/a><\/p>\n","protected":false},"author":2,"featured_media":3008,"comment_status":"closed","ping_status":"closed","sticky":false,"template":"","format":"standard","meta":{"footnotes":""},"categories":[1],"tags":[],"class_list":["post-6568","post","type-post","status-publish","format-standard","has-post-thumbnail","hentry","category-cronica"],"_links":{"self":[{"href":"https:\/\/www.radiopresidenteibanez.cl\/web\/wp-json\/wp\/v2\/posts\/6568","targetHints":{"allow":["GET"]}}],"collection":[{"href":"https:\/\/www.radiopresidenteibanez.cl\/web\/wp-json\/wp\/v2\/posts"}],"about":[{"href":"https:\/\/www.radiopresidenteibanez.cl\/web\/wp-json\/wp\/v2\/types\/post"}],"author":[{"embeddable":true,"href":"https:\/\/www.radiopresidenteibanez.cl\/web\/wp-json\/wp\/v2\/users\/2"}],"replies":[{"embeddable":true,"href":"https:\/\/www.radiopresidenteibanez.cl\/web\/wp-json\/wp\/v2\/comments?post=6568"}],"version-history":[{"count":0,"href":"https:\/\/www.radiopresidenteibanez.cl\/web\/wp-json\/wp\/v2\/posts\/6568\/revisions"}],"wp:featuredmedia":[{"embeddable":true,"href":"https:\/\/www.radiopresidenteibanez.cl\/web\/wp-json\/wp\/v2\/media\/3008"}],"wp:attachment":[{"href":"https:\/\/www.radiopresidenteibanez.cl\/web\/wp-json\/wp\/v2\/media?parent=6568"}],"wp:term":[{"taxonomy":"category","embeddable":true,"href":"https:\/\/www.radiopresidenteibanez.cl\/web\/wp-json\/wp\/v2\/categories?post=6568"},{"taxonomy":"post_tag","embeddable":true,"href":"https:\/\/www.radiopresidenteibanez.cl\/web\/wp-json\/wp\/v2\/tags?post=6568"}],"curies":[{"name":"wp","href":"https:\/\/api.w.org\/{rel}","templated":true}]}}