{"id":6565,"date":"2019-08-25T17:55:04","date_gmt":"2019-08-25T17:55:04","guid":{"rendered":"http:\/\/www.radiopresidenteibanez.cl\/web\/?p=6565"},"modified":"2019-08-25T17:55:10","modified_gmt":"2019-08-25T17:55:10","slug":"la-banda-argentina-los-pericos-cerraron-la-ultima-noche-del-festival-en-la-patagonia","status":"publish","type":"post","link":"https:\/\/www.radiopresidenteibanez.cl\/web\/la-banda-argentina-los-pericos-cerraron-la-ultima-noche-del-festival-en-la-patagonia\/","title":{"rendered":"LA BANDA ARGENTINA LOS PERICOS CERRARON LA \u00daLTIMA NOCHE DEL FESTIVAL EN LA PATAGONIA"},"content":{"rendered":"\n<p>Con gran cantidad de p\u00fablico en\ndependencias del Gimnasio de la Confederaci\u00f3n Deportiva de Punta Arenas, se\nrealiz\u00f3 la tercera y \u00faltima jornada de la versi\u00f3n 39 del Festival Folcl\u00f3rico en\nla Patagonia, que este a\u00f1o destac\u00f3 con las presentaciones de los nacionales Nano\nStern y Los Tres, junto a los argentinos, Raly Barrionuevo y Los Pericos.<\/p>\n\n\n\n<p>El humor que no quedo exento de\npol\u00e9micas por no poder ser transmitido por los medios de comunicaciones, estuvo\na cargo de Felipe Avello y Bel\u00e9n Mora, quienes se llevaron tanto el \u201cOvejero de\nmi Tierra\u201d como el \u201c\u00d1and\u00fa\u201d e hicieron re\u00edr a los asistentes en ambas noches.<\/p>\n\n\n\n<p><strong>FALTA DE P\u00daBLICO <\/strong><\/p>\n\n\n\n<p>La primera noche fue vendida en\nsu totalidad, es m\u00e1s la organizaci\u00f3n debi\u00f3 instalar m\u00e1s puestos y vender cerca\nde 200 entradas m\u00e1s, mientras que la segunda jornada, en donde se presentaba el\nfolclor patag\u00f3n argentino, donde destacaba Polo Rom\u00e1n y Los Cuatro de C\u00f3rdoba, no\nalcanzaron a llegar 700 personas, y el d\u00eda del cierre mil 200 personas llegaron\nal establecimiento haciendo un lleno casi total.<\/p>\n\n\n\n<p><strong>50 A\u00d1OS DEL PRIMER FESTIVAL<\/strong><\/p>\n\n\n\n<p>Este a\u00f1o a pesar de ser la versi\u00f3n\n39 del festival, se cumpl\u00edan 50 a\u00f1os de la primera edici\u00f3n la cual en su entonces\nfue marcada por la canci\u00f3n \u201cMensaje\u201d de \u201cLos Lazos\u201d, lamentablemente no se\nmencion\u00f3 mucho este hito, recordar que el pr\u00f3ximo a\u00f1o el Festival en la Patagonia,\ntendr\u00eda un mayor realce al conmemorarse los 500 a\u00f1os del Descubrimiento del\nEstrecho de Magallanes.<\/p>\n\n\n\n<p><strong>IN\u00c9DITO <\/strong><\/p>\n\n\n\n<p>El a\u00f1o 2018 la competencia folcl\u00f3rica\nse la adjudico Cristian Maldonado con su canci\u00f3n \u201cLlueve en la Patagonia\u201d, y de\nmanera in\u00e9dita este a\u00f1o fue invitado el triunfador al escenario Alfonso \u201cCocho\u201d\nC\u00e1rcamo, en la oportunidad realiz\u00f3 un show de 45 minutos donde deleito a las\npersonas que participaron de la tercera noche.<\/p>\n\n\n\n<p><strong>HOMENAJES<\/strong><\/p>\n\n\n\n<p>Este a\u00f1o se realiz\u00f3 el homenaje a\ndos destacadas personas, el primero fue, Juan Miranda Vargas, el comunicador magall\u00e1nico\nfue reconocido por su arduo trabajo y participaci\u00f3n en la animaci\u00f3n del Festival\nen la Patagonia en variadas oportunidades, el conductor y voz insigne de varias\nradios y canales de televisi\u00f3n se vio emocionado de este hecho y entreg\u00f3\ndetalles alentadores de su estado de salud manifestando en el escenario que \u201cmi\ndoctora me coment\u00f3 que el c\u00e1ncer va en retroceso\u201d-<\/p>\n\n\n\n<p>El segundo homenaje fue para Lily Fundinger, la primera mujer que pisar\u00e1 el escenario mayor del Festival en la Patagonia, hace 50 a\u00f1os, destacada cantante Magall\u00e1nica de los a\u00f1os 60; junto a su conjunto, \u00abLos del Estrecho\u00bb obtuvieron el tercer lugar en el Primer Festival de la Patagonia el a\u00f1o 1969.<\/p>\n\n\n\n<p>ES\/CHH ph: CHH<\/p>\n","protected":false},"excerpt":{"rendered":"<p>Con gran cantidad de p\u00fablico en dependencias del Gimnasio de la Confederaci\u00f3n Deportiva de Punta Arenas, se realiz\u00f3 la tercera y \u00faltima jornada de la versi\u00f3n 39 del Festival Folcl\u00f3rico&#8230; <a class=\"read-more\" href=\"https:\/\/www.radiopresidenteibanez.cl\/web\/la-banda-argentina-los-pericos-cerraron-la-ultima-noche-del-festival-en-la-patagonia\/\">Leer m\u00e1s<\/a><\/p>\n","protected":false},"author":2,"featured_media":6566,"comment_status":"closed","ping_status":"closed","sticky":false,"template":"","format":"standard","meta":{"footnotes":""},"categories":[1],"tags":[],"class_list":["post-6565","post","type-post","status-publish","format-standard","has-post-thumbnail","hentry","category-cronica"],"_links":{"self":[{"href":"https:\/\/www.radiopresidenteibanez.cl\/web\/wp-json\/wp\/v2\/posts\/6565","targetHints":{"allow":["GET"]}}],"collection":[{"href":"https:\/\/www.radiopresidenteibanez.cl\/web\/wp-json\/wp\/v2\/posts"}],"about":[{"href":"https:\/\/www.radiopresidenteibanez.cl\/web\/wp-json\/wp\/v2\/types\/post"}],"author":[{"embeddable":true,"href":"https:\/\/www.radiopresidenteibanez.cl\/web\/wp-json\/wp\/v2\/users\/2"}],"replies":[{"embeddable":true,"href":"https:\/\/www.radiopresidenteibanez.cl\/web\/wp-json\/wp\/v2\/comments?post=6565"}],"version-history":[{"count":0,"href":"https:\/\/www.radiopresidenteibanez.cl\/web\/wp-json\/wp\/v2\/posts\/6565\/revisions"}],"wp:featuredmedia":[{"embeddable":true,"href":"https:\/\/www.radiopresidenteibanez.cl\/web\/wp-json\/wp\/v2\/media\/6566"}],"wp:attachment":[{"href":"https:\/\/www.radiopresidenteibanez.cl\/web\/wp-json\/wp\/v2\/media?parent=6565"}],"wp:term":[{"taxonomy":"category","embeddable":true,"href":"https:\/\/www.radiopresidenteibanez.cl\/web\/wp-json\/wp\/v2\/categories?post=6565"},{"taxonomy":"post_tag","embeddable":true,"href":"https:\/\/www.radiopresidenteibanez.cl\/web\/wp-json\/wp\/v2\/tags?post=6565"}],"curies":[{"name":"wp","href":"https:\/\/api.w.org\/{rel}","templated":true}]}}