{"id":6562,"date":"2019-08-25T17:18:56","date_gmt":"2019-08-25T17:18:56","guid":{"rendered":"http:\/\/www.radiopresidenteibanez.cl\/web\/?p=6562"},"modified":"2019-08-25T17:19:02","modified_gmt":"2019-08-25T17:19:02","slug":"tierra-de-los-anhelos-gano-la-version-39-de-la-competencia-folclorica-del-festival-en-la-patagonia","status":"publish","type":"post","link":"https:\/\/www.radiopresidenteibanez.cl\/web\/tierra-de-los-anhelos-gano-la-version-39-de-la-competencia-folclorica-del-festival-en-la-patagonia\/","title":{"rendered":"\u201cTIERRA DE LOS ANHELOS\u201d GAN\u00d3 LA VERSI\u00d3N 39 DE LA COMPETENCIA FOLCL\u00d3RICA DEL FESTIVAL EN LA PATAGONIA"},"content":{"rendered":"\n<p>Una noche llena de emociones se vivi\u00f3\nel pasado s\u00e1bado en dependencias del Gimnasio de la Confederaci\u00f3n Deportiva de Punta\nArenas, en la oportunidad se realiz\u00f3 la premiaci\u00f3n de la competencia folcl\u00f3rica\nque en la oportunidad los premiados fueron:<\/p>\n\n\n\n<p>1er lugar: \u201cTierra de los Anhelos\u201d (Temuco, Chile) Autor y compositor: Jos\u00e9 Arturo Ch\u00e1vez Cort\u00e9s, int\u00e9rpretes: Javier y Jos\u00e9 Luis Ch\u00e1vez.<\/p>\n\n\n\n<p>2do lugar: \u201cLos mismos cuentos de antes\u201d (C\u00f3rdoba, Argentina) Autor y compositor: Mart\u00edn Amilcar Bravo, int\u00e9rpretes Gabriel Eduardo C\u00e1ceres.<\/p>\n\n\n\n<p>3er lugar: \u201cPaisaje del Sur Cordob\u00e9s\u201d (C\u00f3rdoba, Argentina) Autor y compositor: Juan Agust\u00edn Carletti, int\u00e9rpretes: D\u00fao Amuk\u00e1n.<\/p>\n\n\n\n<p>ES\/CHH &#8211; ph: CG<\/p>\n","protected":false},"excerpt":{"rendered":"<p>Una noche llena de emociones se vivi\u00f3 el pasado s\u00e1bado en dependencias del Gimnasio de la Confederaci\u00f3n Deportiva de Punta Arenas, en la oportunidad se realiz\u00f3 la premiaci\u00f3n de la&#8230; <a class=\"read-more\" href=\"https:\/\/www.radiopresidenteibanez.cl\/web\/tierra-de-los-anhelos-gano-la-version-39-de-la-competencia-folclorica-del-festival-en-la-patagonia\/\">Leer m\u00e1s<\/a><\/p>\n","protected":false},"author":2,"featured_media":6563,"comment_status":"closed","ping_status":"closed","sticky":false,"template":"","format":"standard","meta":{"footnotes":""},"categories":[4],"tags":[],"class_list":["post-6562","post","type-post","status-publish","format-standard","has-post-thumbnail","hentry","category-entretenimiento-y-cultura"],"_links":{"self":[{"href":"https:\/\/www.radiopresidenteibanez.cl\/web\/wp-json\/wp\/v2\/posts\/6562","targetHints":{"allow":["GET"]}}],"collection":[{"href":"https:\/\/www.radiopresidenteibanez.cl\/web\/wp-json\/wp\/v2\/posts"}],"about":[{"href":"https:\/\/www.radiopresidenteibanez.cl\/web\/wp-json\/wp\/v2\/types\/post"}],"author":[{"embeddable":true,"href":"https:\/\/www.radiopresidenteibanez.cl\/web\/wp-json\/wp\/v2\/users\/2"}],"replies":[{"embeddable":true,"href":"https:\/\/www.radiopresidenteibanez.cl\/web\/wp-json\/wp\/v2\/comments?post=6562"}],"version-history":[{"count":0,"href":"https:\/\/www.radiopresidenteibanez.cl\/web\/wp-json\/wp\/v2\/posts\/6562\/revisions"}],"wp:featuredmedia":[{"embeddable":true,"href":"https:\/\/www.radiopresidenteibanez.cl\/web\/wp-json\/wp\/v2\/media\/6563"}],"wp:attachment":[{"href":"https:\/\/www.radiopresidenteibanez.cl\/web\/wp-json\/wp\/v2\/media?parent=6562"}],"wp:term":[{"taxonomy":"category","embeddable":true,"href":"https:\/\/www.radiopresidenteibanez.cl\/web\/wp-json\/wp\/v2\/categories?post=6562"},{"taxonomy":"post_tag","embeddable":true,"href":"https:\/\/www.radiopresidenteibanez.cl\/web\/wp-json\/wp\/v2\/tags?post=6562"}],"curies":[{"name":"wp","href":"https:\/\/api.w.org\/{rel}","templated":true}]}}