{"id":656,"date":"2019-01-21T19:41:34","date_gmt":"2019-01-21T19:41:34","guid":{"rendered":"http:\/\/www.radiopresidenteibanez.cl\/web\/?p=656"},"modified":"2019-01-21T19:41:47","modified_gmt":"2019-01-21T19:41:47","slug":"municipio-entrego-nueve-plazoletas-en-el-sector-sur-de-punta-arenas","status":"publish","type":"post","link":"https:\/\/www.radiopresidenteibanez.cl\/web\/municipio-entrego-nueve-plazoletas-en-el-sector-sur-de-punta-arenas\/","title":{"rendered":"MUNICIPIO ENTREG\u00d3 NUEVE PLAZOLETAS EN EL SECTOR SUR DE PUNTA ARENAS"},"content":{"rendered":"\n<p>Con una inversi\u00f3n total de 350 millones de pesos aproximadamente, el municipio complet\u00f3 la entrega de 9 plazoletas a los vecinos del sector sur de la comuna, con el fin de avanzar en el mejoramiento de los espacios p\u00fablicos y renovar lugares que estaban abandonados.<\/p>\n\n\n\n<p>\u201cOtorgar mayor equidad territorial es un objetivo central para nosotros, raz\u00f3n por la cual hemos catastrado los espacios p\u00fablicos de nuestra comuna para poder estandarizar de mejor manera el trabajo que se est\u00e1 llevando adelante a trav\u00e9s del Plan Maestro de \u00c1reas Verdes que impulsamos a principios del 2017\u201d, explic\u00f3 el alcalde Claudio Radonich.<\/p>\n\n\n\n<p>Asimismo, la primera autoridad comunal resalt\u00f3 el trabajo que ha desarrollado la Direcci\u00f3n de Obras Municipales, ya que \u201cestas 9 plazoletas cuentan desde ahora, con mayor iluminaci\u00f3n, renovados juegos para los ni\u00f1os, \u00e1reas verdes y otras mejoras importantes\u201d.<\/p>\n\n\n\n<p>Por su parte, el director de Obras Municipales Alex Saldivia, agreg\u00f3 que \u201cpara este a\u00f1o tenemos 56 proyectos aprobados para poder empezar a licitar y ejecutar durante el 2019, y as\u00ed &nbsp;continuar con el proceso de intervenci\u00f3n urbana en el sector sur, a trav\u00e9s del Plan Maestro de \u00c1reas Verdes que tiene el municipio\u201d.<\/p>\n\n\n\n<p>Finalmente, Radonich dijo que \u201clo \u00fanico que pedimos es cuidar estos espacios, ya que son lugares agradables, limpios y seguros, en los cuales antes ten\u00edamos tierra y basura, &nbsp;y hoy tenemos espacios p\u00fablicos para el uso de todos nuestros vecinos\u201d.<\/p>\n","protected":false},"excerpt":{"rendered":"<p>Con una inversi\u00f3n total de 350 millones de pesos aproximadamente, el municipio complet\u00f3 la entrega de 9 plazoletas a los vecinos del sector sur de la comuna, con el fin&#8230; <a class=\"read-more\" href=\"https:\/\/www.radiopresidenteibanez.cl\/web\/municipio-entrego-nueve-plazoletas-en-el-sector-sur-de-punta-arenas\/\">Leer m\u00e1s<\/a><\/p>\n","protected":false},"author":2,"featured_media":657,"comment_status":"closed","ping_status":"closed","sticky":false,"template":"","format":"standard","meta":{"footnotes":""},"categories":[1],"tags":[],"class_list":["post-656","post","type-post","status-publish","format-standard","has-post-thumbnail","hentry","category-cronica"],"_links":{"self":[{"href":"https:\/\/www.radiopresidenteibanez.cl\/web\/wp-json\/wp\/v2\/posts\/656","targetHints":{"allow":["GET"]}}],"collection":[{"href":"https:\/\/www.radiopresidenteibanez.cl\/web\/wp-json\/wp\/v2\/posts"}],"about":[{"href":"https:\/\/www.radiopresidenteibanez.cl\/web\/wp-json\/wp\/v2\/types\/post"}],"author":[{"embeddable":true,"href":"https:\/\/www.radiopresidenteibanez.cl\/web\/wp-json\/wp\/v2\/users\/2"}],"replies":[{"embeddable":true,"href":"https:\/\/www.radiopresidenteibanez.cl\/web\/wp-json\/wp\/v2\/comments?post=656"}],"version-history":[{"count":0,"href":"https:\/\/www.radiopresidenteibanez.cl\/web\/wp-json\/wp\/v2\/posts\/656\/revisions"}],"wp:featuredmedia":[{"embeddable":true,"href":"https:\/\/www.radiopresidenteibanez.cl\/web\/wp-json\/wp\/v2\/media\/657"}],"wp:attachment":[{"href":"https:\/\/www.radiopresidenteibanez.cl\/web\/wp-json\/wp\/v2\/media?parent=656"}],"wp:term":[{"taxonomy":"category","embeddable":true,"href":"https:\/\/www.radiopresidenteibanez.cl\/web\/wp-json\/wp\/v2\/categories?post=656"},{"taxonomy":"post_tag","embeddable":true,"href":"https:\/\/www.radiopresidenteibanez.cl\/web\/wp-json\/wp\/v2\/tags?post=656"}],"curies":[{"name":"wp","href":"https:\/\/api.w.org\/{rel}","templated":true}]}}