{"id":6558,"date":"2019-08-23T15:14:40","date_gmt":"2019-08-23T15:14:40","guid":{"rendered":"http:\/\/www.radiopresidenteibanez.cl\/web\/?p=6558"},"modified":"2019-08-23T15:14:47","modified_gmt":"2019-08-23T15:14:47","slug":"suspenden-funciones-del-colegio-comunal-de-profesores-por-presuntas-irregularidades","status":"publish","type":"post","link":"https:\/\/www.radiopresidenteibanez.cl\/web\/suspenden-funciones-del-colegio-comunal-de-profesores-por-presuntas-irregularidades\/","title":{"rendered":"SUSPENDEN FUNCIONES DEL COLEGIO COMUNAL DE PROFESORES POR PRESUNTAS IRREGULARIDADES"},"content":{"rendered":"\n<p>Desde el Colegio de Profesores a nivel nacional, liderada por\nMario Aguilar, suspendieron las funciones que pueda tener el Colegio Comunal de\nla instituci\u00f3n antes mencionada, esto luego de que algunos resultados\nentregados por la auditoria de diciembre del 2018, manifestar\u00e1 que existir\u00edan algunas\nirregularidades lo cual ser\u00e1 investigados.<\/p>\n\n\n\n<p>Por lo anterior el Colegio Comunal de Profesores, presidido\npor Enrique Vel\u00e1squez, no tendr\u00e1n funciones para realizar as\u00ed tambi\u00e9n no\nrecibir\u00e1n dineros asociados a las labores sindicales hasta nuevo aviso.<\/p>\n","protected":false},"excerpt":{"rendered":"<p>Desde el Colegio de Profesores a nivel nacional, liderada por Mario Aguilar, suspendieron las funciones que pueda tener el Colegio Comunal de la instituci\u00f3n antes mencionada, esto luego de que&#8230; <a class=\"read-more\" href=\"https:\/\/www.radiopresidenteibanez.cl\/web\/suspenden-funciones-del-colegio-comunal-de-profesores-por-presuntas-irregularidades\/\">Leer m\u00e1s<\/a><\/p>\n","protected":false},"author":2,"featured_media":6559,"comment_status":"closed","ping_status":"closed","sticky":false,"template":"","format":"standard","meta":{"footnotes":""},"categories":[1],"tags":[],"class_list":["post-6558","post","type-post","status-publish","format-standard","has-post-thumbnail","hentry","category-cronica"],"_links":{"self":[{"href":"https:\/\/www.radiopresidenteibanez.cl\/web\/wp-json\/wp\/v2\/posts\/6558","targetHints":{"allow":["GET"]}}],"collection":[{"href":"https:\/\/www.radiopresidenteibanez.cl\/web\/wp-json\/wp\/v2\/posts"}],"about":[{"href":"https:\/\/www.radiopresidenteibanez.cl\/web\/wp-json\/wp\/v2\/types\/post"}],"author":[{"embeddable":true,"href":"https:\/\/www.radiopresidenteibanez.cl\/web\/wp-json\/wp\/v2\/users\/2"}],"replies":[{"embeddable":true,"href":"https:\/\/www.radiopresidenteibanez.cl\/web\/wp-json\/wp\/v2\/comments?post=6558"}],"version-history":[{"count":0,"href":"https:\/\/www.radiopresidenteibanez.cl\/web\/wp-json\/wp\/v2\/posts\/6558\/revisions"}],"wp:featuredmedia":[{"embeddable":true,"href":"https:\/\/www.radiopresidenteibanez.cl\/web\/wp-json\/wp\/v2\/media\/6559"}],"wp:attachment":[{"href":"https:\/\/www.radiopresidenteibanez.cl\/web\/wp-json\/wp\/v2\/media?parent=6558"}],"wp:term":[{"taxonomy":"category","embeddable":true,"href":"https:\/\/www.radiopresidenteibanez.cl\/web\/wp-json\/wp\/v2\/categories?post=6558"},{"taxonomy":"post_tag","embeddable":true,"href":"https:\/\/www.radiopresidenteibanez.cl\/web\/wp-json\/wp\/v2\/tags?post=6558"}],"curies":[{"name":"wp","href":"https:\/\/api.w.org\/{rel}","templated":true}]}}