{"id":6555,"date":"2019-08-23T15:05:32","date_gmt":"2019-08-23T15:05:32","guid":{"rendered":"http:\/\/www.radiopresidenteibanez.cl\/web\/?p=6555"},"modified":"2019-08-23T15:05:38","modified_gmt":"2019-08-23T15:05:38","slug":"polo-roman-hector-pavez-y-los-4-de-cordoba-se-presentaran-en-la-segunda-noche-del-festival-en-la-patagonia","status":"publish","type":"post","link":"https:\/\/www.radiopresidenteibanez.cl\/web\/polo-roman-hector-pavez-y-los-4-de-cordoba-se-presentaran-en-la-segunda-noche-del-festival-en-la-patagonia\/","title":{"rendered":"POLO ROM\u00c1N, H\u00c9CTOR P\u00c1VEZ Y LOS 4 DE C\u00d3RDOBA SE PRESENTAR\u00c1N EN LA SEGUNDA NOCHE DEL FESTIVAL EN LA PATAGONIA"},"content":{"rendered":"\n<p>La noche de este viernes se subir\u00e1n al escenario Alfonso \u201cCocho\u201d C\u00e1rcamo del Festival en la Patagonia, Polo Rom\u00e1n, H\u00e9ctor P\u00e1vez y Los 4 de C\u00f3rdoba, esta noche ser\u00e1 marcada por no contar con show humor\u00edstico, as\u00ed tambi\u00e9n se seguir\u00e1n presentando las canciones de la competencia folcl\u00f3rica. <\/p>\n\n\n\n<p>As\u00ed tambi\u00e9n estar\u00e1n presentes, el grupo del Liceo Experimental y Ballet Municipal.<\/p>\n","protected":false},"excerpt":{"rendered":"<p>La noche de este viernes se subir\u00e1n al escenario Alfonso \u201cCocho\u201d C\u00e1rcamo del Festival en la Patagonia, Polo Rom\u00e1n, H\u00e9ctor P\u00e1vez y Los 4 de C\u00f3rdoba, esta noche ser\u00e1 marcada&#8230; <a class=\"read-more\" href=\"https:\/\/www.radiopresidenteibanez.cl\/web\/polo-roman-hector-pavez-y-los-4-de-cordoba-se-presentaran-en-la-segunda-noche-del-festival-en-la-patagonia\/\">Leer m\u00e1s<\/a><\/p>\n","protected":false},"author":2,"featured_media":6556,"comment_status":"closed","ping_status":"closed","sticky":false,"template":"","format":"standard","meta":{"footnotes":""},"categories":[1],"tags":[],"class_list":["post-6555","post","type-post","status-publish","format-standard","has-post-thumbnail","hentry","category-cronica"],"_links":{"self":[{"href":"https:\/\/www.radiopresidenteibanez.cl\/web\/wp-json\/wp\/v2\/posts\/6555","targetHints":{"allow":["GET"]}}],"collection":[{"href":"https:\/\/www.radiopresidenteibanez.cl\/web\/wp-json\/wp\/v2\/posts"}],"about":[{"href":"https:\/\/www.radiopresidenteibanez.cl\/web\/wp-json\/wp\/v2\/types\/post"}],"author":[{"embeddable":true,"href":"https:\/\/www.radiopresidenteibanez.cl\/web\/wp-json\/wp\/v2\/users\/2"}],"replies":[{"embeddable":true,"href":"https:\/\/www.radiopresidenteibanez.cl\/web\/wp-json\/wp\/v2\/comments?post=6555"}],"version-history":[{"count":0,"href":"https:\/\/www.radiopresidenteibanez.cl\/web\/wp-json\/wp\/v2\/posts\/6555\/revisions"}],"wp:featuredmedia":[{"embeddable":true,"href":"https:\/\/www.radiopresidenteibanez.cl\/web\/wp-json\/wp\/v2\/media\/6556"}],"wp:attachment":[{"href":"https:\/\/www.radiopresidenteibanez.cl\/web\/wp-json\/wp\/v2\/media?parent=6555"}],"wp:term":[{"taxonomy":"category","embeddable":true,"href":"https:\/\/www.radiopresidenteibanez.cl\/web\/wp-json\/wp\/v2\/categories?post=6555"},{"taxonomy":"post_tag","embeddable":true,"href":"https:\/\/www.radiopresidenteibanez.cl\/web\/wp-json\/wp\/v2\/tags?post=6555"}],"curies":[{"name":"wp","href":"https:\/\/api.w.org\/{rel}","templated":true}]}}