{"id":6549,"date":"2019-08-23T14:53:39","date_gmt":"2019-08-23T14:53:39","guid":{"rendered":"http:\/\/www.radiopresidenteibanez.cl\/web\/?p=6549"},"modified":"2019-08-23T14:53:44","modified_gmt":"2019-08-23T14:53:44","slug":"pasos-fronterizos-de-la-provincia-de-ultima-esperanza-vuelven-a-operar-de-forma-normal","status":"publish","type":"post","link":"https:\/\/www.radiopresidenteibanez.cl\/web\/pasos-fronterizos-de-la-provincia-de-ultima-esperanza-vuelven-a-operar-de-forma-normal\/","title":{"rendered":"PASOS FRONTERIZOS DE LA PROVINCIA DE ULTIMA ESPERANZA VUELVEN A OPERAR DE FORMA NORMAL"},"content":{"rendered":"\n<p>\u201cHoy quiero informar a toda la\ncomunidad de la Provincia de \u00daltima Esperanza y tambi\u00e9n a aquellos que nos\nvisitan, que Argentina ha podido subsanar todas las dificultades que ten\u00edan,\nprincipalmente, con la calefacci\u00f3n en sus pasos fronterizos. Por motivo de\nesto, ma\u00f1ana 23 de agosto, los 3 pasos fronterizos de \u00daltima Esperanza que\nconectan con la provincia de Santa Cruz, Argentina, funcionar\u00e1n con absoluta\nnormalidad\u201d, con estas palabras, la Gobernadora Ana Mayorga Bahamonde,\nconfirmaba a los transportistas y vecinos de la provincia la reposici\u00f3n de los\nservicios fronterizos.<\/p>\n\n\n\n<p>Cabe recordar, que el pasado\nmi\u00e9rcoles 14 de agosto, la m\u00e1xima autoridad provincial, se reuni\u00f3 con\nencargados de los pasos fronterizos argentinos, quienes dieron cuenta sobre la\nfalta de suministro de gas en el paso Mina 1, lo que oblig\u00f3 el cierre\nmoment\u00e1neo de este, por falta de calefacci\u00f3n, y la modificaci\u00f3n de horarios en\nCasas Viejas y R\u00edo Don Guillermo. <\/p>\n\n\n\n<p>En ese momento, se dio un plazo de 10\nd\u00edas, como m\u00ednimo, para solucionar el problema con el suministro de gas. Sin\nembargo, gracias al trabajo coordinado entre ambos pa\u00edses se pudo subsanar la\ncontingencia antes de lo pactado.<\/p>\n\n\n\n<p>De esta forma, los pasos fronterizos\nvuelven a operar en sus horarios normales:<\/p>\n\n\n\n<ul class=\"wp-block-list\"><li>Dorotea: de 08.00 a 23:00 horas<\/li><li>Casas Viejas: de 09:00 a 22:00 horas.<\/li><li>R\u00edo Don Guillermo: de 08:00 a 20:00\nhoras<\/li><\/ul>\n","protected":false},"excerpt":{"rendered":"<p>\u201cHoy quiero informar a toda la comunidad de la Provincia de \u00daltima Esperanza y tambi\u00e9n a aquellos que nos visitan, que Argentina ha podido subsanar todas las dificultades que ten\u00edan,&#8230; <a class=\"read-more\" href=\"https:\/\/www.radiopresidenteibanez.cl\/web\/pasos-fronterizos-de-la-provincia-de-ultima-esperanza-vuelven-a-operar-de-forma-normal\/\">Leer m\u00e1s<\/a><\/p>\n","protected":false},"author":2,"featured_media":6550,"comment_status":"closed","ping_status":"closed","sticky":false,"template":"","format":"standard","meta":{"footnotes":""},"categories":[1],"tags":[],"class_list":["post-6549","post","type-post","status-publish","format-standard","has-post-thumbnail","hentry","category-cronica"],"_links":{"self":[{"href":"https:\/\/www.radiopresidenteibanez.cl\/web\/wp-json\/wp\/v2\/posts\/6549","targetHints":{"allow":["GET"]}}],"collection":[{"href":"https:\/\/www.radiopresidenteibanez.cl\/web\/wp-json\/wp\/v2\/posts"}],"about":[{"href":"https:\/\/www.radiopresidenteibanez.cl\/web\/wp-json\/wp\/v2\/types\/post"}],"author":[{"embeddable":true,"href":"https:\/\/www.radiopresidenteibanez.cl\/web\/wp-json\/wp\/v2\/users\/2"}],"replies":[{"embeddable":true,"href":"https:\/\/www.radiopresidenteibanez.cl\/web\/wp-json\/wp\/v2\/comments?post=6549"}],"version-history":[{"count":0,"href":"https:\/\/www.radiopresidenteibanez.cl\/web\/wp-json\/wp\/v2\/posts\/6549\/revisions"}],"wp:featuredmedia":[{"embeddable":true,"href":"https:\/\/www.radiopresidenteibanez.cl\/web\/wp-json\/wp\/v2\/media\/6550"}],"wp:attachment":[{"href":"https:\/\/www.radiopresidenteibanez.cl\/web\/wp-json\/wp\/v2\/media?parent=6549"}],"wp:term":[{"taxonomy":"category","embeddable":true,"href":"https:\/\/www.radiopresidenteibanez.cl\/web\/wp-json\/wp\/v2\/categories?post=6549"},{"taxonomy":"post_tag","embeddable":true,"href":"https:\/\/www.radiopresidenteibanez.cl\/web\/wp-json\/wp\/v2\/tags?post=6549"}],"curies":[{"name":"wp","href":"https:\/\/api.w.org\/{rel}","templated":true}]}}