{"id":6546,"date":"2019-08-23T14:51:15","date_gmt":"2019-08-23T14:51:15","guid":{"rendered":"http:\/\/www.radiopresidenteibanez.cl\/web\/?p=6546"},"modified":"2019-08-23T14:51:21","modified_gmt":"2019-08-23T14:51:21","slug":"consejo-intercomunal-de-seguridad-publica-se-reune-para-definir-el-plan-de-accion-natales-torres-del-payne-2019-2020","status":"publish","type":"post","link":"https:\/\/www.radiopresidenteibanez.cl\/web\/consejo-intercomunal-de-seguridad-publica-se-reune-para-definir-el-plan-de-accion-natales-torres-del-payne-2019-2020\/","title":{"rendered":"CONSEJO INTERCOMUNAL DE SEGURIDAD P\u00daBLICA SE RE\u00daNE PARA DEFINIR EL PLAN DE ACCI\u00d3N NATALES \u2013 TORRES DEL PAYNE 2019-2020"},"content":{"rendered":"\n<p>En una sesi\u00f3n extraordinaria, el\nConsejo Intercomunal de Seguridad se reuni\u00f3 en la sala de sesiones \u201cOctavio Castro\nS\u00e1ez\u201d de la Ilustre Municipalidad de Natales para acordar la actualizaci\u00f3n del\nPlan de Seguridad P\u00fablica, Natales \u2013 Torres del Payne. Al lugar llegaron\nautoridades de las instituciones de orden, la Gobernadora de \u00daltima Esperanza y\nlos alcaldes Fernando Paredes y Roberto C\u00e1rdenas.&nbsp; <\/p>\n\n\n\n<p>En la sala se pact\u00f3 agregar dos\nnuevas tem\u00e1ticas de acci\u00f3n al plan provincial para estar en sinton\u00eda con el\nplan regional de seguridad. La incorporaci\u00f3n de los delitos contra la propiedad\ny delitos sexuales busca otorgar mayor respuesta a estos hechos y complementar\nla oferta de respuesta a nivel nacional en materia de prevenci\u00f3n y seguridad. &nbsp;<\/p>\n\n\n\n<p>El alcalde de la comuna, Fernando\nParedes Mansilla, se mostr\u00f3 satisfecho por la participaci\u00f3n de todas las\ninstituciones que pertenecen al Consejo de Seguridad P\u00fablica. \u201cAbrigo muchas\nexpectativas en el trabajo mancomunado que existe entre las dos comunas. Torres\ndel Payne y Natales. Para sacar adelante estas acciones que cada uno de los\nservicios p\u00fablicos e instituciones de orden y seguridad que pertenecen a este\nconsejo, se han comprometido\u201d.<\/p>\n\n\n\n<p>En tanto, el\nedil de Torres del Payne, destac\u00f3 los excelentes resultados que lograron en el\nplan de acci\u00f3n anterior con un cien por ciento de cumplimiento y subray\u00f3 el compromiso\nque adquirieron como municipio de desarrollar ocho acciones para la comunidad,\nindic\u00f3 Roberto C\u00e1rdenas. <\/p>\n\n\n\n<p>Al respecto, la Gobernadora de la\nProvincia de \u00daltima Esperanza, Ana Mayorga Bahamonde, se\u00f1al\u00f3 que esta reuni\u00f3n\ngener\u00f3 los compromisos para avanzar r\u00e1pidamente con el trabajo en terreno. \u201cEra\nimportante hoy d\u00eda aprobar este plan anual para ser enviado a la subsecretar\u00eda\ny luego de eso, comenzar la labor de cada una de las instituciones en terreno\ncon la poblaci\u00f3n, en vista de que tenemos que avanzar r\u00e1pidamente con lo que se\nha requerido aqu\u00ed, que es un punto extra que se entrega a los municipios para\nabordar el tema de seguridad p\u00fablica\u201d. <\/p>\n\n\n\n<p>En total ser\u00e1n seis las tem\u00e1ticas\na desarrollar en el nuevo plan, consumo de alcohol y drogas, delitos contra la\npropiedad, exceso de velocidad, violencia intrafamiliar, abigeato y delitos\nsexuales. La pr\u00f3xima reuni\u00f3n ordinaria del Consejo Intercomunal de Seguridad\nP\u00fablica se realizar\u00e1 la \u00faltima semana de agosto en dependencias de la Ilustre\nMunicipalidad de Torres del Payne. <\/p>\n","protected":false},"excerpt":{"rendered":"<p>En una sesi\u00f3n extraordinaria, el Consejo Intercomunal de Seguridad se reuni\u00f3 en la sala de sesiones \u201cOctavio Castro S\u00e1ez\u201d de la Ilustre Municipalidad de Natales para acordar la actualizaci\u00f3n del&#8230; <a class=\"read-more\" href=\"https:\/\/www.radiopresidenteibanez.cl\/web\/consejo-intercomunal-de-seguridad-publica-se-reune-para-definir-el-plan-de-accion-natales-torres-del-payne-2019-2020\/\">Leer m\u00e1s<\/a><\/p>\n","protected":false},"author":2,"featured_media":6547,"comment_status":"closed","ping_status":"closed","sticky":false,"template":"","format":"standard","meta":{"footnotes":""},"categories":[1],"tags":[],"class_list":["post-6546","post","type-post","status-publish","format-standard","has-post-thumbnail","hentry","category-cronica"],"_links":{"self":[{"href":"https:\/\/www.radiopresidenteibanez.cl\/web\/wp-json\/wp\/v2\/posts\/6546","targetHints":{"allow":["GET"]}}],"collection":[{"href":"https:\/\/www.radiopresidenteibanez.cl\/web\/wp-json\/wp\/v2\/posts"}],"about":[{"href":"https:\/\/www.radiopresidenteibanez.cl\/web\/wp-json\/wp\/v2\/types\/post"}],"author":[{"embeddable":true,"href":"https:\/\/www.radiopresidenteibanez.cl\/web\/wp-json\/wp\/v2\/users\/2"}],"replies":[{"embeddable":true,"href":"https:\/\/www.radiopresidenteibanez.cl\/web\/wp-json\/wp\/v2\/comments?post=6546"}],"version-history":[{"count":0,"href":"https:\/\/www.radiopresidenteibanez.cl\/web\/wp-json\/wp\/v2\/posts\/6546\/revisions"}],"wp:featuredmedia":[{"embeddable":true,"href":"https:\/\/www.radiopresidenteibanez.cl\/web\/wp-json\/wp\/v2\/media\/6547"}],"wp:attachment":[{"href":"https:\/\/www.radiopresidenteibanez.cl\/web\/wp-json\/wp\/v2\/media?parent=6546"}],"wp:term":[{"taxonomy":"category","embeddable":true,"href":"https:\/\/www.radiopresidenteibanez.cl\/web\/wp-json\/wp\/v2\/categories?post=6546"},{"taxonomy":"post_tag","embeddable":true,"href":"https:\/\/www.radiopresidenteibanez.cl\/web\/wp-json\/wp\/v2\/tags?post=6546"}],"curies":[{"name":"wp","href":"https:\/\/api.w.org\/{rel}","templated":true}]}}