{"id":6544,"date":"2019-08-23T14:44:55","date_gmt":"2019-08-23T14:44:55","guid":{"rendered":"http:\/\/www.radiopresidenteibanez.cl\/web\/?p=6544"},"modified":"2019-08-23T14:45:04","modified_gmt":"2019-08-23T14:45:04","slug":"colegio-de-trabajadores-sociales-preocupados-por-la-escalada-de-problematicas-sociales-en-magallanes","status":"publish","type":"post","link":"https:\/\/www.radiopresidenteibanez.cl\/web\/colegio-de-trabajadores-sociales-preocupados-por-la-escalada-de-problematicas-sociales-en-magallanes\/","title":{"rendered":"COLEGIO DE TRABAJADORES SOCIALES PREOCUPADOS POR LA ESCALADA DE PROBLEM\u00c1TICAS SOCIALES EN MAGALLANES"},"content":{"rendered":"\n<p>Las problem\u00e1ticas sociales en la\nsalud y lo laboral en el pa\u00eds requiere del esfuerzo de todos y todas para ir\nsuperando las brechas y requerimientos de la comunidad, por esta raz\u00f3n como\nColegio de profesionales del Trabajo Social de Magallanes, apoyamos las\ndemandas de mayores especialistas en la Red Hospitalaria de la regi\u00f3n, &nbsp;entre otros profesionales y t\u00e9cnicos de las\nciencias sociales y de la salud, que permitan aumentar el nivel de prestaciones\nas\u00ed como la resolutividad local en cada una de las comunas de nuestra extensa\ngeograf\u00eda, tal cual lo han solicitado los diversos gremios.<\/p>\n\n\n\n<p>Lo que conlleva atender las\ndemandas de los profesionales de la salud, as\u00ed como la importancia de aumentar\nlos cupos de especializaci\u00f3n, que con justa raz\u00f3n solicitan los M\u00e9dicos\nGenerales de Zona en etapa de Destinaci\u00f3n y Formaci\u00f3n (EDF) que hoy desarrollan\nfunciones en Atenci\u00f3n Primaria de Salud de la capitales provinciales, y con\nespecial atenci\u00f3n en las localidades aisladas, como en Porvenir &#8211; Tierra del\nFuego, y Puerto Willians, siendo los \u00fanicos referentes para atender las\ndemandas de salud de las personas mayores, adultos, ni\u00f1os, ni\u00f1as y adolescentes.\n<\/p>\n\n\n\n<p>Por consiguiente, se requiere\nreforzar nuestras pol\u00edticas p\u00fablicas, con el fin de alcanzar mayores\ncondiciones de bienestar de los trabajadores y familias, as\u00ed como garantizar la\natenci\u00f3n de salud de toda la poblaci\u00f3n; y la formaci\u00f3n, el cuidado y protecci\u00f3n\nde los trabajadores tanto del sector p\u00fablico como del privado. &nbsp;&nbsp;<\/p>\n\n\n\n<p>Las demandas sindicales deben ser\nescuchadas, situando como base la protecci\u00f3n de los derechos laborales de los\ntrabajadores de nuestro territorio, entre ellas una remuneraci\u00f3n justa, tal\ncual lo han planteado los trabajadores de la Embotelladora m\u00e1s importante del cono\nsur, que se encuentran movilizados, y sin ser o\u00eddos.&nbsp; Como Trabajadores Sociales propiciamos el\nrespeto a la organizaci\u00f3n y rechazamos cualquier acci\u00f3n que ponga en peligro la\ndignidad del ser humano, as\u00ed como pr\u00e1cticas opresivas o injustas que coloquen\nen riesgo el bienestar de las personas, grupos y comunidades de nuestra regi\u00f3n.<\/p>\n\n\n\n<p>Esperamos que los diversos\nconflictos sociales y laborales que se viven en la regi\u00f3n alcancen pronta\nsoluci\u00f3n, ya que de esta forma se garantiza el bienestar de cada uno de los\nhabitantes de Magallanes, que hoy sufren, y se encuentran esperanzados de\nmejores condiciones socio sanitarias y laborales, y de esta forma caminar por\nuna sociedad m\u00e1s justa y equitativa.<\/p>\n\n\n\n<p>DIRECTIVA<\/p>\n\n\n\n<p>COLEGIO DE TRABAJADORES SOCIALES\nDE MAGALLANES AG.<\/p>\n\n\n\n<p>COLEGIO DE TRABAJADORES SOCIALES\nDE CHILE <\/p>\n","protected":false},"excerpt":{"rendered":"<p>Las problem\u00e1ticas sociales en la salud y lo laboral en el pa\u00eds requiere del esfuerzo de todos y todas para ir superando las brechas y requerimientos de la comunidad, por&#8230; <a class=\"read-more\" href=\"https:\/\/www.radiopresidenteibanez.cl\/web\/colegio-de-trabajadores-sociales-preocupados-por-la-escalada-de-problematicas-sociales-en-magallanes\/\">Leer m\u00e1s<\/a><\/p>\n","protected":false},"author":2,"featured_media":740,"comment_status":"closed","ping_status":"closed","sticky":false,"template":"","format":"standard","meta":{"footnotes":""},"categories":[1],"tags":[],"class_list":["post-6544","post","type-post","status-publish","format-standard","has-post-thumbnail","hentry","category-cronica"],"_links":{"self":[{"href":"https:\/\/www.radiopresidenteibanez.cl\/web\/wp-json\/wp\/v2\/posts\/6544","targetHints":{"allow":["GET"]}}],"collection":[{"href":"https:\/\/www.radiopresidenteibanez.cl\/web\/wp-json\/wp\/v2\/posts"}],"about":[{"href":"https:\/\/www.radiopresidenteibanez.cl\/web\/wp-json\/wp\/v2\/types\/post"}],"author":[{"embeddable":true,"href":"https:\/\/www.radiopresidenteibanez.cl\/web\/wp-json\/wp\/v2\/users\/2"}],"replies":[{"embeddable":true,"href":"https:\/\/www.radiopresidenteibanez.cl\/web\/wp-json\/wp\/v2\/comments?post=6544"}],"version-history":[{"count":0,"href":"https:\/\/www.radiopresidenteibanez.cl\/web\/wp-json\/wp\/v2\/posts\/6544\/revisions"}],"wp:featuredmedia":[{"embeddable":true,"href":"https:\/\/www.radiopresidenteibanez.cl\/web\/wp-json\/wp\/v2\/media\/740"}],"wp:attachment":[{"href":"https:\/\/www.radiopresidenteibanez.cl\/web\/wp-json\/wp\/v2\/media?parent=6544"}],"wp:term":[{"taxonomy":"category","embeddable":true,"href":"https:\/\/www.radiopresidenteibanez.cl\/web\/wp-json\/wp\/v2\/categories?post=6544"},{"taxonomy":"post_tag","embeddable":true,"href":"https:\/\/www.radiopresidenteibanez.cl\/web\/wp-json\/wp\/v2\/tags?post=6544"}],"curies":[{"name":"wp","href":"https:\/\/api.w.org\/{rel}","templated":true}]}}