{"id":6542,"date":"2019-08-23T14:35:40","date_gmt":"2019-08-23T14:35:40","guid":{"rendered":"http:\/\/www.radiopresidenteibanez.cl\/web\/?p=6542"},"modified":"2019-08-23T14:35:46","modified_gmt":"2019-08-23T14:35:46","slug":"mgz-se-refieren-a-paralizacion-que-se-lleva-adelante-desde-el-pasado-lunes","status":"publish","type":"post","link":"https:\/\/www.radiopresidenteibanez.cl\/web\/mgz-se-refieren-a-paralizacion-que-se-lleva-adelante-desde-el-pasado-lunes\/","title":{"rendered":"MGZ SE REFIEREN A PARALIZACI\u00d3N QUE SE LLEVA ADELANTE DESDE EL PASADO LUNES"},"content":{"rendered":"\n<p>Los M\u00e9dicos Generales de Zona (MGZ) nos encontramos\nmovilizados desde el lunes 19 de agosto de este a\u00f1o solicitando al MINSAL que\ncumpla sus acuerdos y con ello fortalezca el ciclo de Destinaci\u00f3n y Formaci\u00f3n y\nprovea de los cupos de programas de especializaci\u00f3n para el Concurso de Ingreso\na la Formaci\u00f3n de Especialidad. Esto con el fin de fortalecer la salud p\u00fablica\nde este pa\u00eds, y garantizar especialistas para las distintas regiones del pa\u00eds.<\/p>\n\n\n\n<p>La movilizaci\u00f3n lleva 3 d\u00edas, con adhesi\u00f3n nacional\ncercana al 100%, con 2500 profesionales movilizados. En nuestra regi\u00f3n se han paralizado\natenciones de los profesionales m\u00e9dicos generales de zona en CESFAM\u2019s de Punta\nArenas, CESFAM Puerto Natales, Hospital de Puerto Natales, Hospital de Porvenir\ny Hospital de Puerto Williams. En esto tres d\u00edas se ha hecho difusi\u00f3n en los\ndiferentes centros a nivel nacional, asociado a difusi\u00f3n en redes sociales, lo\nque ha llevado a la mesa directiva de nuestra organizaci\u00f3n a tener reuniones en\nel Parlamento y con otras agrupaciones dentro de Colegio M\u00e9dico.<\/p>\n\n\n\n<p>Pese a la movilizaci\u00f3n el MINSAL no ha dado\nrespuesta a nuestras peticiones, no ha concretado reuniones y no han entregado\nuna propuesta de trabajo. Es por esto que como agrupaci\u00f3n a nivel nacional se <strong>decide\ncontinuar con las movilizaciones el d\u00eda de hoy 22 de agosto, de forma\nindefinida<\/strong> hasta obtener una respuesta del ejecutivo.<\/p>\n\n\n\n<p>En nuestra regi\u00f3n implica continuar con la\nparalizaci\u00f3n de atenci\u00f3n de policl\u00ednico de los EDF de la regi\u00f3n que trabajamos\nen Hospital de Puerto Williams, Hospital de Puerto Natales, Hospital de\nPorvenir, CESFAM de Natales, CESFAM\u2019s Damianovic, 18 Septiembre, Mateo Bencur,\nCarlos Iba\u00f1ez, CECOSF Rio Seco.<\/p>\n\n\n\n<p>Los servicios de urgencia continuar\u00e1n su atenci\u00f3n\nde pacientes categorizados con riesgo vital (C1-C2-C3). <\/p>\n\n\n\n<p>Agradecemos\nsu comprensi\u00f3n e invitamos a la comunidad a sumarse a esta manifestaci\u00f3n para\nque juntos exijamos m\u00e1s y mejor salud para todos.<\/p>\n\n\n\n<p>Atentamente,<\/p>\n\n\n\n<p><strong>Agrupaci\u00f3n M\u00e9dicos Generales de Zona en etapa de\ndestinaci\u00f3n y formaci\u00f3n<\/strong><\/p>\n\n\n\n<p><strong>Cap\u00edtulo Magallanes.<\/strong><\/p>\n","protected":false},"excerpt":{"rendered":"<p>Los M\u00e9dicos Generales de Zona (MGZ) nos encontramos movilizados desde el lunes 19 de agosto de este a\u00f1o solicitando al MINSAL que cumpla sus acuerdos y con ello fortalezca el&#8230; <a class=\"read-more\" href=\"https:\/\/www.radiopresidenteibanez.cl\/web\/mgz-se-refieren-a-paralizacion-que-se-lleva-adelante-desde-el-pasado-lunes\/\">Leer m\u00e1s<\/a><\/p>\n","protected":false},"author":2,"featured_media":740,"comment_status":"closed","ping_status":"closed","sticky":false,"template":"","format":"standard","meta":{"footnotes":""},"categories":[1],"tags":[],"class_list":["post-6542","post","type-post","status-publish","format-standard","has-post-thumbnail","hentry","category-cronica"],"_links":{"self":[{"href":"https:\/\/www.radiopresidenteibanez.cl\/web\/wp-json\/wp\/v2\/posts\/6542","targetHints":{"allow":["GET"]}}],"collection":[{"href":"https:\/\/www.radiopresidenteibanez.cl\/web\/wp-json\/wp\/v2\/posts"}],"about":[{"href":"https:\/\/www.radiopresidenteibanez.cl\/web\/wp-json\/wp\/v2\/types\/post"}],"author":[{"embeddable":true,"href":"https:\/\/www.radiopresidenteibanez.cl\/web\/wp-json\/wp\/v2\/users\/2"}],"replies":[{"embeddable":true,"href":"https:\/\/www.radiopresidenteibanez.cl\/web\/wp-json\/wp\/v2\/comments?post=6542"}],"version-history":[{"count":0,"href":"https:\/\/www.radiopresidenteibanez.cl\/web\/wp-json\/wp\/v2\/posts\/6542\/revisions"}],"wp:featuredmedia":[{"embeddable":true,"href":"https:\/\/www.radiopresidenteibanez.cl\/web\/wp-json\/wp\/v2\/media\/740"}],"wp:attachment":[{"href":"https:\/\/www.radiopresidenteibanez.cl\/web\/wp-json\/wp\/v2\/media?parent=6542"}],"wp:term":[{"taxonomy":"category","embeddable":true,"href":"https:\/\/www.radiopresidenteibanez.cl\/web\/wp-json\/wp\/v2\/categories?post=6542"},{"taxonomy":"post_tag","embeddable":true,"href":"https:\/\/www.radiopresidenteibanez.cl\/web\/wp-json\/wp\/v2\/tags?post=6542"}],"curies":[{"name":"wp","href":"https:\/\/api.w.org\/{rel}","templated":true}]}}