{"id":6537,"date":"2019-08-23T14:27:39","date_gmt":"2019-08-23T14:27:39","guid":{"rendered":"http:\/\/www.radiopresidenteibanez.cl\/web\/?p=6537"},"modified":"2019-08-23T14:27:45","modified_gmt":"2019-08-23T14:27:45","slug":"los-tres-y-su-euforica-presentacion-cerraron-la-primera-noche-de-la-version-39-del-festival-en-la-patagonia","status":"publish","type":"post","link":"https:\/\/www.radiopresidenteibanez.cl\/web\/los-tres-y-su-euforica-presentacion-cerraron-la-primera-noche-de-la-version-39-del-festival-en-la-patagonia\/","title":{"rendered":"LOS TRES Y SU EUF\u00d3RICA PRESENTACI\u00d3N CERRARON LA PRIMERA NOCHE DE LA VERSI\u00d3N 39 DEL FESTIVAL EN LA PATAGONIA"},"content":{"rendered":"\n<p>Este jueves comenz\u00f3 la versi\u00f3n 39 del Festival Folcl\u00f3rico en\nla Patagonia, la noche inaugural estuvo a cargo del m\u00fasico chileno, Nano Stern,\nsiguiendo con Felipe Avello quien dejo con gusto a poco a los asistentes del\nGimnasio de la Confederaci\u00f3n Deportiva, cerrando la noche el grupo Los Tres, quienes\ntodos se llevaron \u201cEl Ovejero de mi Tierra\u201d y \u201c\u00d1and\u00fa\u201d.<\/p>\n\n\n\n<p>Luego del humor la cueca chora y los boleros de la banda\nregional \u201cSin Comentarios\u201d quienes hicieron bailar a las personas asistentes al\nfestival.<\/p>\n\n\n\n<p>Recordar que tambi\u00e9n se presentaron en el escenario Alfonso \u201cCocho\u201d C\u00e1rcamo los 10 temas que se disputan la competencia folcl\u00f3rica.<\/p>\n\n\n\n<ul class=\"wp-block-gallery columns-2 is-cropped wp-block-gallery-1 is-layout-flex wp-block-gallery-is-layout-flex\"><li class=\"blocks-gallery-item\"><figure><img loading=\"lazy\" decoding=\"async\" width=\"1024\" height=\"498\" src=\"https:\/\/www.radiopresidenteibanez.cl\/web\/wp-content\/uploads\/2019\/08\/FB_IMG_1566569674724-1024x498.jpg\" alt=\"\" data-id=\"6538\" data-link=\"https:\/\/www.radiopresidenteibanez.cl\/web\/?attachment_id=6538\" class=\"wp-image-6538\" srcset=\"https:\/\/www.radiopresidenteibanez.cl\/web\/wp-content\/uploads\/2019\/08\/FB_IMG_1566569674724-1024x498.jpg 1024w, https:\/\/www.radiopresidenteibanez.cl\/web\/wp-content\/uploads\/2019\/08\/FB_IMG_1566569674724-300x146.jpg 300w, https:\/\/www.radiopresidenteibanez.cl\/web\/wp-content\/uploads\/2019\/08\/FB_IMG_1566569674724-768x374.jpg 768w, https:\/\/www.radiopresidenteibanez.cl\/web\/wp-content\/uploads\/2019\/08\/FB_IMG_1566569674724.jpg 1110w\" sizes=\"auto, (max-width: 1024px) 100vw, 1024px\" \/><\/figure><\/li><li class=\"blocks-gallery-item\"><figure><img loading=\"lazy\" decoding=\"async\" width=\"1024\" height=\"683\" src=\"https:\/\/www.radiopresidenteibanez.cl\/web\/wp-content\/uploads\/2019\/08\/FB_IMG_1566569699906-1024x683.jpg\" alt=\"\" data-id=\"6539\" data-link=\"https:\/\/www.radiopresidenteibanez.cl\/web\/?attachment_id=6539\" class=\"wp-image-6539\" srcset=\"https:\/\/www.radiopresidenteibanez.cl\/web\/wp-content\/uploads\/2019\/08\/FB_IMG_1566569699906-1024x683.jpg 1024w, https:\/\/www.radiopresidenteibanez.cl\/web\/wp-content\/uploads\/2019\/08\/FB_IMG_1566569699906-300x200.jpg 300w, https:\/\/www.radiopresidenteibanez.cl\/web\/wp-content\/uploads\/2019\/08\/FB_IMG_1566569699906-768x512.jpg 768w, https:\/\/www.radiopresidenteibanez.cl\/web\/wp-content\/uploads\/2019\/08\/FB_IMG_1566569699906.jpg 1080w\" sizes=\"auto, (max-width: 1024px) 100vw, 1024px\" \/><\/figure><\/li><li class=\"blocks-gallery-item\"><figure><img loading=\"lazy\" decoding=\"async\" width=\"1024\" height=\"768\" src=\"https:\/\/www.radiopresidenteibanez.cl\/web\/wp-content\/uploads\/2019\/08\/IMG_20190823_021239-1024x768.jpg\" alt=\"\" data-id=\"6540\" data-link=\"https:\/\/www.radiopresidenteibanez.cl\/web\/?attachment_id=6540\" class=\"wp-image-6540\" srcset=\"https:\/\/www.radiopresidenteibanez.cl\/web\/wp-content\/uploads\/2019\/08\/IMG_20190823_021239-1024x768.jpg 1024w, https:\/\/www.radiopresidenteibanez.cl\/web\/wp-content\/uploads\/2019\/08\/IMG_20190823_021239-300x225.jpg 300w, https:\/\/www.radiopresidenteibanez.cl\/web\/wp-content\/uploads\/2019\/08\/IMG_20190823_021239-768x576.jpg 768w\" sizes=\"auto, (max-width: 1024px) 100vw, 1024px\" \/><\/figure><\/li><\/ul>\n","protected":false},"excerpt":{"rendered":"<p>Este jueves comenz\u00f3 la versi\u00f3n 39 del Festival Folcl\u00f3rico en la Patagonia, la noche inaugural estuvo a cargo del m\u00fasico chileno, Nano Stern, siguiendo con Felipe Avello quien dejo con&#8230; <a class=\"read-more\" href=\"https:\/\/www.radiopresidenteibanez.cl\/web\/los-tres-y-su-euforica-presentacion-cerraron-la-primera-noche-de-la-version-39-del-festival-en-la-patagonia\/\">Leer m\u00e1s<\/a><\/p>\n","protected":false},"author":2,"featured_media":6540,"comment_status":"closed","ping_status":"closed","sticky":false,"template":"","format":"standard","meta":{"footnotes":""},"categories":[4],"tags":[],"class_list":["post-6537","post","type-post","status-publish","format-standard","has-post-thumbnail","hentry","category-entretenimiento-y-cultura"],"_links":{"self":[{"href":"https:\/\/www.radiopresidenteibanez.cl\/web\/wp-json\/wp\/v2\/posts\/6537","targetHints":{"allow":["GET"]}}],"collection":[{"href":"https:\/\/www.radiopresidenteibanez.cl\/web\/wp-json\/wp\/v2\/posts"}],"about":[{"href":"https:\/\/www.radiopresidenteibanez.cl\/web\/wp-json\/wp\/v2\/types\/post"}],"author":[{"embeddable":true,"href":"https:\/\/www.radiopresidenteibanez.cl\/web\/wp-json\/wp\/v2\/users\/2"}],"replies":[{"embeddable":true,"href":"https:\/\/www.radiopresidenteibanez.cl\/web\/wp-json\/wp\/v2\/comments?post=6537"}],"version-history":[{"count":0,"href":"https:\/\/www.radiopresidenteibanez.cl\/web\/wp-json\/wp\/v2\/posts\/6537\/revisions"}],"wp:featuredmedia":[{"embeddable":true,"href":"https:\/\/www.radiopresidenteibanez.cl\/web\/wp-json\/wp\/v2\/media\/6540"}],"wp:attachment":[{"href":"https:\/\/www.radiopresidenteibanez.cl\/web\/wp-json\/wp\/v2\/media?parent=6537"}],"wp:term":[{"taxonomy":"category","embeddable":true,"href":"https:\/\/www.radiopresidenteibanez.cl\/web\/wp-json\/wp\/v2\/categories?post=6537"},{"taxonomy":"post_tag","embeddable":true,"href":"https:\/\/www.radiopresidenteibanez.cl\/web\/wp-json\/wp\/v2\/tags?post=6537"}],"curies":[{"name":"wp","href":"https:\/\/api.w.org\/{rel}","templated":true}]}}