{"id":6533,"date":"2019-08-21T18:38:53","date_gmt":"2019-08-21T18:38:53","guid":{"rendered":"http:\/\/www.radiopresidenteibanez.cl\/web\/?p=6533"},"modified":"2019-08-21T18:39:00","modified_gmt":"2019-08-21T18:39:00","slug":"invitan-a-familias-de-magallanes-a-cobrar-el-aporte-familiar-permanente","status":"publish","type":"post","link":"https:\/\/www.radiopresidenteibanez.cl\/web\/invitan-a-familias-de-magallanes-a-cobrar-el-aporte-familiar-permanente\/","title":{"rendered":"INVITAN A FAMILIAS DE MAGALLANES A COBRAR EL APORTE FAMILIAR PERMANENTE"},"content":{"rendered":"\n<p>El Instituto de Previsi\u00f3n Social, a trav\u00e9s de su Red de\nAtenci\u00f3n ChileAtiende en Magallanes, llam\u00f3 a las familias magall\u00e1nicas que a\u00fan\nno lo han hecho, a cobrar el Aporte Familiar Permanente 2019, el cual a la\nfecha ha sido cobrado por 9.185 familias de menores ingresos, quienes en\nconjunto han recibido m\u00e1s de 17 mil aportes familiares. <\/p>\n\n\n\n<p>Hasta ahora, el Estado ha desembolsado m\u00e1s de 790 millones\nde pesos en la entrega de esta ayuda estatal en la regi\u00f3n.<\/p>\n\n\n\n<p>Sin embargo, a\u00fan existen 143 familias que no han accedido al\nbeneficio. Las comunas donde a\u00fan falta cobrar el Aporte Familiar 2019 son\nLaguna Blanca, Natales, Porvenir, Primavera, Punta Arenas y San Gregorio. <\/p>\n\n\n\n<p>El Aporte Familiar Permanente est\u00e1 dirigido a familias de\nmenores ingresos que cumplan con alguna de las siguientes condiciones: <\/p>\n\n\n\n<p>Personas con Subsidio Familiar que cobraban este beneficio\nal 31 de diciembre de 2018. Ellas reciben un Aporte de $46.374 por cada\ncausante de subsidio.<\/p>\n\n\n\n<p>Familias pertenecientes a ChileSolidario o al Subsistema de\nSeguridades y Oportunidades (Ingreso \u00c9tico Familiar), que eran beneficiarias de\nesos sistemas al 31 de diciembre de 2018. Ellas reciben un Aporte de $46.374\npor familia.<\/p>\n\n\n\n<p>Personas con pago de Asignaci\u00f3n Familiar o Maternal por sus\ncargas familiares, que cobraban esos beneficios al 31 de diciembre de 2018.\nEllas reciben un Aporte de $46.374 por cada carga.<\/p>\n\n\n\n<p>M\u00e1s informaci\u00f3n y consultas en AporteFamiliar.cl y\nChileAtiende.cl. Tambi\u00e9n est\u00e1n disponibles las redes sociales de ChileAtiende\nen Twitter, Facebook e Instagram, adem\u00e1s del Call Center 101.<\/p>\n","protected":false},"excerpt":{"rendered":"<p>El Instituto de Previsi\u00f3n Social, a trav\u00e9s de su Red de Atenci\u00f3n ChileAtiende en Magallanes, llam\u00f3 a las familias magall\u00e1nicas que a\u00fan no lo han hecho, a cobrar el Aporte&#8230; <a class=\"read-more\" href=\"https:\/\/www.radiopresidenteibanez.cl\/web\/invitan-a-familias-de-magallanes-a-cobrar-el-aporte-familiar-permanente\/\">Leer m\u00e1s<\/a><\/p>\n","protected":false},"author":2,"featured_media":6534,"comment_status":"closed","ping_status":"closed","sticky":false,"template":"","format":"standard","meta":{"footnotes":""},"categories":[1],"tags":[],"class_list":["post-6533","post","type-post","status-publish","format-standard","has-post-thumbnail","hentry","category-cronica"],"_links":{"self":[{"href":"https:\/\/www.radiopresidenteibanez.cl\/web\/wp-json\/wp\/v2\/posts\/6533","targetHints":{"allow":["GET"]}}],"collection":[{"href":"https:\/\/www.radiopresidenteibanez.cl\/web\/wp-json\/wp\/v2\/posts"}],"about":[{"href":"https:\/\/www.radiopresidenteibanez.cl\/web\/wp-json\/wp\/v2\/types\/post"}],"author":[{"embeddable":true,"href":"https:\/\/www.radiopresidenteibanez.cl\/web\/wp-json\/wp\/v2\/users\/2"}],"replies":[{"embeddable":true,"href":"https:\/\/www.radiopresidenteibanez.cl\/web\/wp-json\/wp\/v2\/comments?post=6533"}],"version-history":[{"count":0,"href":"https:\/\/www.radiopresidenteibanez.cl\/web\/wp-json\/wp\/v2\/posts\/6533\/revisions"}],"wp:featuredmedia":[{"embeddable":true,"href":"https:\/\/www.radiopresidenteibanez.cl\/web\/wp-json\/wp\/v2\/media\/6534"}],"wp:attachment":[{"href":"https:\/\/www.radiopresidenteibanez.cl\/web\/wp-json\/wp\/v2\/media?parent=6533"}],"wp:term":[{"taxonomy":"category","embeddable":true,"href":"https:\/\/www.radiopresidenteibanez.cl\/web\/wp-json\/wp\/v2\/categories?post=6533"},{"taxonomy":"post_tag","embeddable":true,"href":"https:\/\/www.radiopresidenteibanez.cl\/web\/wp-json\/wp\/v2\/tags?post=6533"}],"curies":[{"name":"wp","href":"https:\/\/api.w.org\/{rel}","templated":true}]}}