{"id":6531,"date":"2019-08-21T18:34:14","date_gmt":"2019-08-21T18:34:14","guid":{"rendered":"http:\/\/www.radiopresidenteibanez.cl\/web\/?p=6531"},"modified":"2019-08-21T18:34:19","modified_gmt":"2019-08-21T18:34:19","slug":"mina-invierno-anuncia-paralizacion-de-actividades-luego-del-pronunciamiento-del-tribunal-ambiental","status":"publish","type":"post","link":"https:\/\/www.radiopresidenteibanez.cl\/web\/mina-invierno-anuncia-paralizacion-de-actividades-luego-del-pronunciamiento-del-tribunal-ambiental\/","title":{"rendered":"MINA INVIERNO ANUNCIA PARALIZACI\u00d3N DE ACTIVIDADES LUEGO DEL PRONUNCIAMIENTO DEL TRIBUNAL AMBIENTAL"},"content":{"rendered":"\n<p>Sobre el fallo dividido del Tribunal Ambiental de Valdivia que anula lo resuelto por el Servicio de Evaluaci\u00f3n Ambiental e impide la realizaci\u00f3n de tronaduras como m\u00e9todo complementario en la operaci\u00f3n de Mina Invierno, la empresa declara:<\/p>\n\n\n\n<ol class=\"wp-block-list\"><li>La compa\u00f1\u00eda expresa su profunda decepci\u00f3n ante el fallo del tribunal, cuya consecuencia es la paralizaci\u00f3n de las operaciones en noviembre de 2019. Sin perjuicio que la empresa est\u00e1 analizando   los   alcances   y   fundamentos   de   lo   resuelto,   se   trata   de   una   medida incomprensible desde el punto de vista t\u00e9cnico, ambiental y legal que, si se generaliza como criterio, en la pr\u00e1ctica dificulta a\u00fan m\u00e1s el hacer miner\u00eda en Chile.<\/li><li>Mina Invierno ha jugado un rol fundamental en el desarrollo econ\u00f3mico y social de la Regi\u00f3n de Magallanes: el 90% de los puestos de trabajo corresponden a mano de obra local y m\u00e1s de  200 Pymes regionales contratistas  son parte  de esta cadena productiva. Hoy, m\u00e1s de 1.000 mil personas y sus familias se est\u00e1n viendo afectadas por la p\u00e9rdida de sus empleos. Con ellos nuestra solidaridad y agradecimiento por su esfuerzo y compromiso.<\/li><li>El Tribunal Ambiental de Valdivia, en un fallo dividido, ha sustituido la funci\u00f3n de los \u00f3rganos t\u00e9cnicos encargados de la evaluaci\u00f3n, desestimando todo el proceso que estos realizaron. Dos ministros de este tribunal han decidido invalidar el trabajo y conocimiento especializado de  decenas  de  profesionales  chilenos  y  extranjeros.  Cabe  recordar  que,  en  reiteradas oportunidades,   el   Servicio   de   Evaluaci\u00f3n   Ambiental,   la   Superintendencia   del   Medio Ambiente y el Consejo de Monumentos Nacionales descartaron que el uso de tronaduras generara efectos adversos en el rescate de los f\u00f3siles vegetales.<\/li><li>Consistente con el voto de minor\u00eda del ministro Iv\u00e1n Hunter, los profesionales expertos en esta   disciplina   han   se\u00f1alado   que   no   hay   afectaci\u00f3n   significativa   en   el   componente paleobot\u00e1nico, validando el  aporte  que  Mina Invierno  ha  realizado en  la recopilaci\u00f3n  de material f\u00f3sil para su conservaci\u00f3n y estudio. Tal como lo se\u00f1ala el ministro Hunter, a partir de  los  antecedentes  que  forman  parte  del  proceso  \u201cno  habr\u00e1  afectaci\u00f3n  significativa  al componente  paleobot\u00e1nico  de  la  Mina  Invierno,  y  existiendo  medidas  de  resguardo, protecci\u00f3n y  rescate de  los hallazgos, no cabe  sino que  conservar la RCA, pues resultar\u00e1 innecesario  cualquier  evaluaci\u00f3n  que  se  quiera  efectuar  respecto  de  este  componente ambiental, si se llega a las mismas conclusiones\u201d.<\/li><li>En un contexto econ\u00f3mico complejo a nivel nacional y regional, la paralizaci\u00f3n de Mina de Invierno es un hecho grave y que establece un precedente preocupante para la inversi\u00f3n y el desarrollo de futuros proyectos, dada la incerteza jur\u00eddica que genera el actuar de este tribunal ambiental. <\/li><\/ol>\n\n\n\n<ul class=\"wp-block-list\"><li>Tenemos la convicci\u00f3n de que es posible compatibilizar la actividad productiva y el cuidado del medio ambiente, por medio de una miner\u00eda sustentable y de excelencia. Evidencia de ello, a la fecha hemos reforestado m\u00e1s de 250 hect\u00e1reas con bosque nativo y revegetado cerca  de  50  hect\u00e1reas  de  botaderos  para  integrarlos  al  paisaje  natural  de  la  isla.  En particular,  durante  nuestros  siete  a\u00f1os  de  actividad,  hemos  contribuido  al  conocimiento cient\u00edfico  del  componente  paleobot\u00e1nico,  recuperando  m\u00e1s  de  mil  muestras  fosil\u00edferas. Estamos orgullosos que la calidad de este trabajo haya sido reconocida a nivel nacional e internacional.<\/li><li>Lamentamos profundamente las consecuencias del fallo para la comunidad magall\u00e1nica, no obstante, continuaremos haciendo uso de todas las herramientas legales disponibles, con la convicci\u00f3n de que el trabajo que hemos desarrollado, as\u00ed como la raz\u00f3n t\u00e9cnica y la labor de las instituciones p\u00fablicas que han participado del estudio de este proyecto sean reconocidos en las instancias que corresponden.<\/li><\/ul>\n","protected":false},"excerpt":{"rendered":"<p>Sobre el fallo dividido del Tribunal Ambiental de Valdivia que anula lo resuelto por el Servicio de Evaluaci\u00f3n Ambiental e impide la realizaci\u00f3n de tronaduras como m\u00e9todo complementario en la&#8230; <a class=\"read-more\" href=\"https:\/\/www.radiopresidenteibanez.cl\/web\/mina-invierno-anuncia-paralizacion-de-actividades-luego-del-pronunciamiento-del-tribunal-ambiental\/\">Leer m\u00e1s<\/a><\/p>\n","protected":false},"author":2,"featured_media":391,"comment_status":"closed","ping_status":"closed","sticky":false,"template":"","format":"standard","meta":{"footnotes":""},"categories":[1],"tags":[],"class_list":["post-6531","post","type-post","status-publish","format-standard","has-post-thumbnail","hentry","category-cronica"],"_links":{"self":[{"href":"https:\/\/www.radiopresidenteibanez.cl\/web\/wp-json\/wp\/v2\/posts\/6531","targetHints":{"allow":["GET"]}}],"collection":[{"href":"https:\/\/www.radiopresidenteibanez.cl\/web\/wp-json\/wp\/v2\/posts"}],"about":[{"href":"https:\/\/www.radiopresidenteibanez.cl\/web\/wp-json\/wp\/v2\/types\/post"}],"author":[{"embeddable":true,"href":"https:\/\/www.radiopresidenteibanez.cl\/web\/wp-json\/wp\/v2\/users\/2"}],"replies":[{"embeddable":true,"href":"https:\/\/www.radiopresidenteibanez.cl\/web\/wp-json\/wp\/v2\/comments?post=6531"}],"version-history":[{"count":0,"href":"https:\/\/www.radiopresidenteibanez.cl\/web\/wp-json\/wp\/v2\/posts\/6531\/revisions"}],"wp:featuredmedia":[{"embeddable":true,"href":"https:\/\/www.radiopresidenteibanez.cl\/web\/wp-json\/wp\/v2\/media\/391"}],"wp:attachment":[{"href":"https:\/\/www.radiopresidenteibanez.cl\/web\/wp-json\/wp\/v2\/media?parent=6531"}],"wp:term":[{"taxonomy":"category","embeddable":true,"href":"https:\/\/www.radiopresidenteibanez.cl\/web\/wp-json\/wp\/v2\/categories?post=6531"},{"taxonomy":"post_tag","embeddable":true,"href":"https:\/\/www.radiopresidenteibanez.cl\/web\/wp-json\/wp\/v2\/tags?post=6531"}],"curies":[{"name":"wp","href":"https:\/\/api.w.org\/{rel}","templated":true}]}}