{"id":6526,"date":"2019-08-21T14:39:58","date_gmt":"2019-08-21T14:39:58","guid":{"rendered":"http:\/\/www.radiopresidenteibanez.cl\/web\/?p=6526"},"modified":"2019-08-21T14:40:04","modified_gmt":"2019-08-21T14:40:04","slug":"asemuchpa-se-refiere-a-los-dichos-del-alcalde-claudio-radonich","status":"publish","type":"post","link":"https:\/\/www.radiopresidenteibanez.cl\/web\/asemuchpa-se-refiere-a-los-dichos-del-alcalde-claudio-radonich\/","title":{"rendered":"ASEMUCHPA SE REFIERE A LOS DICHOS DEL ALCALDE CLAUDIO RADONICH"},"content":{"rendered":"\n<p>El directorio de la Asociaci\u00f3n de Funcionario Municipales de Punta Arenas ASEMUCH manifiesta su profundo rechazo a las declaraciones emitidas por el Alcalde de la comuna Don Claudio Radonich Jim\u00e9nez, en virtud de lo siguiente:<\/p>\n\n\n\n<p>1.- Es de conocimiento p\u00fablico lo\nsucedido con los vecinos del sector Andino, quienes, como medida desesperada\ncon la finalidad de llamar la atenci\u00f3n del Alcalde de la Comuna Don Claudio\nRadonich, cerraron el camino principal del sector donde habitan, exigiendo sus\njustas demandas en post de una mejor calidad de vida, ante una autoridad que\nseg\u00fan se\u00f1alaron, ha hecho o\u00eddos sordos de sus requerimientos. Producto de esto\nmismo, la autoridad Provincial, solicito a Carabineros el desalojo de este\ncamino, lo que genero la detenci\u00f3n de 3 vecinos, resultando adem\u00e1s uno de ellos\nlesionado.<\/p>\n\n\n\n<p>&nbsp;2.- Los vecinos del sector\nAndino, luego de lo relatado anteriormente, lograron su tan anhelada \u201creuni\u00f3n\u201d\ncon el Alcalde de la Comuna, quien, seg\u00fan se\u00f1alan los mismos vecinos, no los\nhab\u00eda recibido desde hac\u00eda m\u00e1s de 1 a\u00f1o, aun cuando ellos solicitaron reuniones\nen reiteradas oportunidades. <\/p>\n\n\n\n<p>3.- De esta reuni\u00f3n, seg\u00fan se\u00f1alaron\nlas partes involucradas, se logr\u00f3 el compromiso de la autoridad para con las\ndemandas del sector y avanzar en una serie de proyectos. En lo que se refiere\nal tema puntual del proyecto del gas, el Alcalde de la Comuna Claudio Radonich\nse\u00f1ala:<\/p>\n\n\n\n<p>\u201clamentablemente ellos partieron hablando con un funcionario\nque nunca cre\u00f3 el proyecto\u201d.<\/p>\n\n\n\n<p>&nbsp;\u201cLa persona a quien le entregaron los antecedentes no\nactu\u00f3 de forma responsable y con este funcionario ya hemos tenido problemas y\npor eso ahora est\u00e1 con un sumario\u201d.<\/p>\n\n\n\n<pre class=\"wp-block-preformatted\">4.- El funcionario aludido, cumple sus funciones en la Secretaria Comunal de Planificaci\u00f3n SECPLAN, la cual a su vez &nbsp;ha tenido como Director a tres personas de su exclusiva confianza como lo fueron don Matias Fortu\u00f1o; do\u00f1a Ver\u00f3nica Peragallo y don Alvaro Guzm\u00e1n por lo que se puede&nbsp; concluir que &nbsp;los funcionarios Municipales no \u201ccrean\u201d proyectos solos, sino que &nbsp;estos son fruto siempre &nbsp;de las directrices del Alcalde y su Personal de Confianza.<\/pre>\n\n\n\n<pre class=\"wp-block-preformatted\"> <\/pre>\n\n\n\n<pre class=\"wp-block-preformatted\">5.- Las declaraciones del Alcalde Claudio Radonich, son consideradas como desafortunadas, al &nbsp;individualizar a un funcionario, ante un problema institucional, del cual \u00e9l es el jefe superior del servicio y reiteramos, el encargado de esta Direcci\u00f3n es su persona de confianza.<\/pre>\n\n\n\n<pre class=\"wp-block-preformatted\">&nbsp;<\/pre>\n\n\n\n<pre class=\"wp-block-preformatted\">6.- Todas estas actuaciones, adem\u00e1s, constituyen un incumplimiento del deber del Alcalde de ejercer un control jer\u00e1rquico permanente del funcionamiento de las unidades y de la actuaci\u00f3n&nbsp; del personal de su dependencia, del cual pretende desentenderse.<\/pre>\n\n\n\n<pre class=\"wp-block-preformatted\">&nbsp;<\/pre>\n\n\n\n<pre class=\"wp-block-preformatted\">7.- Finalmente, como funcionarios, esperamos del Alcalde una actitud m\u00e1s valiente para enfrentar los problemas&nbsp; y no escudarse en funcionarios subalternos del cual adem\u00e1s en ning\u00fan momento da su nombre, lo que solo consigue poner en entredicho la calidad humana y profesional de todos los servidores p\u00fablicos que trabajan en la Municipalidad de Punta Arenas.<\/pre>\n","protected":false},"excerpt":{"rendered":"<p>El directorio de la Asociaci\u00f3n de Funcionario Municipales de Punta Arenas ASEMUCH manifiesta su profundo rechazo a las declaraciones emitidas por el Alcalde de la comuna Don Claudio Radonich Jim\u00e9nez,&#8230; <a class=\"read-more\" href=\"https:\/\/www.radiopresidenteibanez.cl\/web\/asemuchpa-se-refiere-a-los-dichos-del-alcalde-claudio-radonich\/\">Leer m\u00e1s<\/a><\/p>\n","protected":false},"author":2,"featured_media":6151,"comment_status":"closed","ping_status":"closed","sticky":false,"template":"","format":"standard","meta":{"footnotes":""},"categories":[1],"tags":[],"class_list":["post-6526","post","type-post","status-publish","format-standard","has-post-thumbnail","hentry","category-cronica"],"_links":{"self":[{"href":"https:\/\/www.radiopresidenteibanez.cl\/web\/wp-json\/wp\/v2\/posts\/6526","targetHints":{"allow":["GET"]}}],"collection":[{"href":"https:\/\/www.radiopresidenteibanez.cl\/web\/wp-json\/wp\/v2\/posts"}],"about":[{"href":"https:\/\/www.radiopresidenteibanez.cl\/web\/wp-json\/wp\/v2\/types\/post"}],"author":[{"embeddable":true,"href":"https:\/\/www.radiopresidenteibanez.cl\/web\/wp-json\/wp\/v2\/users\/2"}],"replies":[{"embeddable":true,"href":"https:\/\/www.radiopresidenteibanez.cl\/web\/wp-json\/wp\/v2\/comments?post=6526"}],"version-history":[{"count":0,"href":"https:\/\/www.radiopresidenteibanez.cl\/web\/wp-json\/wp\/v2\/posts\/6526\/revisions"}],"wp:featuredmedia":[{"embeddable":true,"href":"https:\/\/www.radiopresidenteibanez.cl\/web\/wp-json\/wp\/v2\/media\/6151"}],"wp:attachment":[{"href":"https:\/\/www.radiopresidenteibanez.cl\/web\/wp-json\/wp\/v2\/media?parent=6526"}],"wp:term":[{"taxonomy":"category","embeddable":true,"href":"https:\/\/www.radiopresidenteibanez.cl\/web\/wp-json\/wp\/v2\/categories?post=6526"},{"taxonomy":"post_tag","embeddable":true,"href":"https:\/\/www.radiopresidenteibanez.cl\/web\/wp-json\/wp\/v2\/tags?post=6526"}],"curies":[{"name":"wp","href":"https:\/\/api.w.org\/{rel}","templated":true}]}}