{"id":6523,"date":"2019-08-21T14:36:14","date_gmt":"2019-08-21T14:36:14","guid":{"rendered":"http:\/\/www.radiopresidenteibanez.cl\/web\/?p=6523"},"modified":"2019-08-21T14:36:19","modified_gmt":"2019-08-21T14:36:19","slug":"core-aprobo-1-583-millones-para-reposicion-de-veredas-en-barrio-san-miguel-y-barrio-sur-de-punta-arenas","status":"publish","type":"post","link":"https:\/\/www.radiopresidenteibanez.cl\/web\/core-aprobo-1-583-millones-para-reposicion-de-veredas-en-barrio-san-miguel-y-barrio-sur-de-punta-arenas\/","title":{"rendered":"CORE APROB\u00d3 1.583 MILLONES PARA REPOSICI\u00d3N DE VEREDAS EN BARRIO SAN MIGUEL Y BARRIO SUR DE PUNTA ARENAS"},"content":{"rendered":"\n<p>El\nConsejo Regional de Magallanes y de la Ant\u00e1rtica Chilena aprob\u00f3 &nbsp;este lunes 1.583&nbsp; millones 286 mil pesos provenientes de los\nrecursos FNDR 2019 para el financiamiento del proyecto \u201cReposici\u00f3n de veredas\nen el Barrio San Miguel y Barrio Sur de Punta Arenas\u201d.<\/p>\n\n\n\n<p>Seg\u00fan\nlo informado en la comisi\u00f3n Infraestructura por el municipio local, la iniciativa\ncontempla la reposici\u00f3n de 24.331 m2 de veredas mediante la pavimentaci\u00f3n de\naceras con hormig\u00f3n, la renovaci\u00f3n de 54 m2 de escaleras, la construcci\u00f3n de 28\nmetros de pasamanos de seguridad lo cual implica intervenir las aceras de 14\nv\u00edas ubicadas en el sector Barrio San Miguel y en parte del Barrio Sur, entre\nel per\u00edmetro que comprende las avenidas Salvador Allende e Independencia por el\nnorte, Guillermo P\u00e9rez de Arce y calle Francisco Javier Reyna por el sur,\nCostanera del Estrecho de Magallanes por el este y pasaje Rancagua y calle Zenteno\npor el oeste. Adem\u00e1s se realizar\u00e1 el rebaje de 619 metros de soleras de acuerdo\na la normativa Serviu para el normal desplazamiento de personas con\ndiscapacidad f\u00edsica.<\/p>\n\n\n\n<p>El presidente\ndel CORE, Tolentino Soto, valor\u00f3 este proyecto que representa una apuesta del\nConsejo Regional para mejorar la infraestructura p\u00fablica \u201clas veredas y\ncalzadas en nuestra regi\u00f3n son siempre un gran tema ya que debido a la\nsituaci\u00f3n clim\u00e1tica se deterioran muy r\u00e1pido y esta iniciativa sin duda\nmejorar\u00e1 la calidad de vida a muchos vecinos\u201d, afirm\u00f3. <\/p>\n\n\n\n<p>En la\noportunidad, el CORE tambi\u00e9n aprob\u00f3 el financiamiento de 80 millones 899 mil pesos para\nel \u201cCierre Perimetral Estero Natalis y Mejoramiento Centro Chilo\u00e9, Puerto\nNatales\u201d, 49 millones 982 mil pesos para la \u201cConservaci\u00f3n Pintura Mobiliario\nUrbano, Sector Fitz Roy, Punta Arenas\u201d, 54 millones 373 mil pesos para \u201cConservaci\u00f3n\nPintura Interior Liceo Industrial, Punta Arenas\u201d y 51 millones 859 mil pesos\npara \u201cConservaci\u00f3n Pintura Interior Escuela Villa Las Nieves, Punta Arenas\u201d.\nTodos proyectos que ser\u00e1n financiados a trav\u00e9s del Fondo Regional de Iniciativa\nLocal, FRIL 2019. <\/p>\n\n\n\n<p>El presidente del CORE coment\u00f3\n\u201csi bien est\u00e1n llamados a cubrir una necesidad b\u00e1sica como es la generaci\u00f3n de\nempleo especialmente en esta \u00e9poca en que enfrentamos una cesant\u00eda estacionaria\ncomo siempre hacemos un llamado a las unidades t\u00e9cnica competentes a buscar\nsoluciones m\u00e1s creativas y eficientes\u201d, concluy\u00f3 el consejero Tolentino Soto. <\/p>\n","protected":false},"excerpt":{"rendered":"<p>El Consejo Regional de Magallanes y de la Ant\u00e1rtica Chilena aprob\u00f3 &nbsp;este lunes 1.583&nbsp; millones 286 mil pesos provenientes de los recursos FNDR 2019 para el financiamiento del proyecto \u201cReposici\u00f3n&#8230; <a class=\"read-more\" href=\"https:\/\/www.radiopresidenteibanez.cl\/web\/core-aprobo-1-583-millones-para-reposicion-de-veredas-en-barrio-san-miguel-y-barrio-sur-de-punta-arenas\/\">Leer m\u00e1s<\/a><\/p>\n","protected":false},"author":2,"featured_media":6524,"comment_status":"closed","ping_status":"closed","sticky":false,"template":"","format":"standard","meta":{"footnotes":""},"categories":[1],"tags":[],"class_list":["post-6523","post","type-post","status-publish","format-standard","has-post-thumbnail","hentry","category-cronica"],"_links":{"self":[{"href":"https:\/\/www.radiopresidenteibanez.cl\/web\/wp-json\/wp\/v2\/posts\/6523","targetHints":{"allow":["GET"]}}],"collection":[{"href":"https:\/\/www.radiopresidenteibanez.cl\/web\/wp-json\/wp\/v2\/posts"}],"about":[{"href":"https:\/\/www.radiopresidenteibanez.cl\/web\/wp-json\/wp\/v2\/types\/post"}],"author":[{"embeddable":true,"href":"https:\/\/www.radiopresidenteibanez.cl\/web\/wp-json\/wp\/v2\/users\/2"}],"replies":[{"embeddable":true,"href":"https:\/\/www.radiopresidenteibanez.cl\/web\/wp-json\/wp\/v2\/comments?post=6523"}],"version-history":[{"count":0,"href":"https:\/\/www.radiopresidenteibanez.cl\/web\/wp-json\/wp\/v2\/posts\/6523\/revisions"}],"wp:featuredmedia":[{"embeddable":true,"href":"https:\/\/www.radiopresidenteibanez.cl\/web\/wp-json\/wp\/v2\/media\/6524"}],"wp:attachment":[{"href":"https:\/\/www.radiopresidenteibanez.cl\/web\/wp-json\/wp\/v2\/media?parent=6523"}],"wp:term":[{"taxonomy":"category","embeddable":true,"href":"https:\/\/www.radiopresidenteibanez.cl\/web\/wp-json\/wp\/v2\/categories?post=6523"},{"taxonomy":"post_tag","embeddable":true,"href":"https:\/\/www.radiopresidenteibanez.cl\/web\/wp-json\/wp\/v2\/tags?post=6523"}],"curies":[{"name":"wp","href":"https:\/\/api.w.org\/{rel}","templated":true}]}}