{"id":6520,"date":"2019-08-21T14:33:44","date_gmt":"2019-08-21T14:33:44","guid":{"rendered":"http:\/\/www.radiopresidenteibanez.cl\/web\/?p=6520"},"modified":"2019-08-21T14:33:50","modified_gmt":"2019-08-21T14:33:50","slug":"seremi-de-hacienda-lil-garces-es-relevante-aprobar-iniciativas-como-tpp11-para-impulsar-nuestra-economia","status":"publish","type":"post","link":"https:\/\/www.radiopresidenteibanez.cl\/web\/seremi-de-hacienda-lil-garces-es-relevante-aprobar-iniciativas-como-tpp11-para-impulsar-nuestra-economia\/","title":{"rendered":"SEREMI DE HACIENDA, LIL GARC\u00c9S: \u201cES RELEVANTE APROBAR INICIATIVAS COMO TPP11 PARA IMPULSAR NUESTRA ECONOM\u00cdA\u201d"},"content":{"rendered":"\n<p>La guerra comercial entre EE.UU. y China ha sido una de las principales\ncausas de la desaceleraci\u00f3n de los mercados internacionales, Chile por su parte,\nvio afectado su nivel de exportaciones de productos nacionales precisamente a\nesos destinos, sin embargo, durante el primer semestre de 2019, se experiment\u00f3\nun aumento en las exportaciones a: Corea del Sur, la Alianza del Pac\u00edfico y\nMalasia.<\/p>\n\n\n\n<p>Es aqu\u00ed donde la aprobaci\u00f3n de Tratados como el TPP11 toman\nrelevancia en la integraci\u00f3n entre pa\u00edses para potenciar el desarrollo de\nnuevos mercados y lograr incentivar a las Pymes, emprendedores, y profesionales\na exportar productos y servicios.<\/p>\n\n\n\n<p>Actualmente el TPP11, fue aprobado en la Comisi\u00f3n de Hacienda\ndel Senado,donde se presentaron los beneficios asociados a esta iniciativa. Si\nbien Chile tiene tratados bilaterales con la mayor\u00eda de los pa\u00edses miembros,\nestos contienen excepciones y productos con acceso limitado. Sin embargo, con\nla aprobaci\u00f3n del TPP11 m\u00e1s de 3.000 productos se ver\u00e1n beneficiados, mejorando\nla competitividad de los exportadores con un bajo impacto al comercio\ndom\u00e9stico.<\/p>\n\n\n\n<p>Por otro lado, en relaci\u00f3n a los aranceles de productos como;\nnaranjas chilenas que se exportan a Jap\u00f3n actualmente con un arancel entre 16%\na 32% seg\u00fan la fecha de importaci\u00f3n. Eso cambiar\u00e1 con el TPP11, ya que en 8\na\u00f1os, el arancel ser\u00e1 0%.<\/p>\n\n\n\n<p>As\u00ed mismo otros productos ver\u00e1n una reducci\u00f3n importante; El\nsalm\u00f3n, producto relevante en las exportaciones de Magallanes, en 10 a\u00f1os\nplazo, no pagar\u00e1 aranceles en &nbsp;ninguno de\nlos pa\u00edses del TPP11, de igual forma para la uva fresca chilena y en el caso\ndel vino embotellado no pagar\u00e1 aranceles en un plazo de 16 a\u00f1os. Po su parte, la\nmiel natural chilena que se exporta hoy a Jap\u00f3n con un arancel de 25,5%, se\nreducir\u00e1 a 0% en 8 a\u00f1os.<\/p>\n\n\n\n<p>La Seremi Garc\u00e9s destac\u00f3 que; El CPTPP es el primer TLC que\nincorpora un cap\u00edtulo para las Pymes con el fin de potenciar y facilitar su\nproceso exportador considerando que en nuestra regi\u00f3n exportan un total de 130\nempresas de las cuales 34 son Pymes, las que podr\u00e1n acceder a trav\u00e9s de una\np\u00e1gina web, a toda la informaci\u00f3n que requieran sobre los mercados del CPTPP\ncon un lenguaje apropiado y sencillo. Asimismo, se podr\u00e1n desarrollar programas\nde apoyo a las Pymes para el aprovechamiento de las nuevas oportunidades\ncomerciales y su inserci\u00f3n en las Cadenas Globales de Valor.<\/p>\n\n\n\n<p>La regi\u00f3n de Magallanes, export\u00f3 US$858 millones en el 2018,\nsus principales destinos fueron; Brasil, Estados Unidos y China.Cabe se\u00f1alar\nque la actividad acu\u00edcola y pesquera representaron un 53% de los env\u00edos de la\nregi\u00f3n, con exportaciones por US$442 millones en 2018, destacando los env\u00edos de\nsalm\u00f3n, trucha, erizos, centollas, centoll\u00f3n y bacalao de profundidad, entre\notras especies.<\/p>\n\n\n\n<p>Nuestro pa\u00eds mantiene un fuerte compromiso con el comercio\ninternacional manifestado en los 28 acuerdos comerciales vigentes en Chile, con\n64 econom\u00edas del mundo.<\/p>\n\n\n\n<p>La internacionalizaci\u00f3n de la econom\u00eda regional es vital tanto\npara los exportadores directos, como para los productores y toda su red local de\nproveedores, que se beneficia a trav\u00e9s de nuevas oportunidades comerciales en el\nmundo, tales como las que otorga el Tratado Integral y Progresista de Asociaci\u00f3n\nTranspac\u00edfico (CPTPP).<\/p>\n","protected":false},"excerpt":{"rendered":"<p>La guerra comercial entre EE.UU. y China ha sido una de las principales causas de la desaceleraci\u00f3n de los mercados internacionales, Chile por su parte, vio afectado su nivel de&#8230; <a class=\"read-more\" href=\"https:\/\/www.radiopresidenteibanez.cl\/web\/seremi-de-hacienda-lil-garces-es-relevante-aprobar-iniciativas-como-tpp11-para-impulsar-nuestra-economia\/\">Leer m\u00e1s<\/a><\/p>\n","protected":false},"author":2,"featured_media":6521,"comment_status":"closed","ping_status":"closed","sticky":false,"template":"","format":"standard","meta":{"footnotes":""},"categories":[1],"tags":[],"class_list":["post-6520","post","type-post","status-publish","format-standard","has-post-thumbnail","hentry","category-cronica"],"_links":{"self":[{"href":"https:\/\/www.radiopresidenteibanez.cl\/web\/wp-json\/wp\/v2\/posts\/6520","targetHints":{"allow":["GET"]}}],"collection":[{"href":"https:\/\/www.radiopresidenteibanez.cl\/web\/wp-json\/wp\/v2\/posts"}],"about":[{"href":"https:\/\/www.radiopresidenteibanez.cl\/web\/wp-json\/wp\/v2\/types\/post"}],"author":[{"embeddable":true,"href":"https:\/\/www.radiopresidenteibanez.cl\/web\/wp-json\/wp\/v2\/users\/2"}],"replies":[{"embeddable":true,"href":"https:\/\/www.radiopresidenteibanez.cl\/web\/wp-json\/wp\/v2\/comments?post=6520"}],"version-history":[{"count":0,"href":"https:\/\/www.radiopresidenteibanez.cl\/web\/wp-json\/wp\/v2\/posts\/6520\/revisions"}],"wp:featuredmedia":[{"embeddable":true,"href":"https:\/\/www.radiopresidenteibanez.cl\/web\/wp-json\/wp\/v2\/media\/6521"}],"wp:attachment":[{"href":"https:\/\/www.radiopresidenteibanez.cl\/web\/wp-json\/wp\/v2\/media?parent=6520"}],"wp:term":[{"taxonomy":"category","embeddable":true,"href":"https:\/\/www.radiopresidenteibanez.cl\/web\/wp-json\/wp\/v2\/categories?post=6520"},{"taxonomy":"post_tag","embeddable":true,"href":"https:\/\/www.radiopresidenteibanez.cl\/web\/wp-json\/wp\/v2\/tags?post=6520"}],"curies":[{"name":"wp","href":"https:\/\/api.w.org\/{rel}","templated":true}]}}