{"id":6517,"date":"2019-08-21T14:31:01","date_gmt":"2019-08-21T14:31:01","guid":{"rendered":"http:\/\/www.radiopresidenteibanez.cl\/web\/?p=6517"},"modified":"2019-08-21T14:31:07","modified_gmt":"2019-08-21T14:31:07","slug":"aniversario-n48-del-liceo-politecnico-luis-cruz-martinez-de-puerto-natales","status":"publish","type":"post","link":"https:\/\/www.radiopresidenteibanez.cl\/web\/aniversario-n48-del-liceo-politecnico-luis-cruz-martinez-de-puerto-natales\/","title":{"rendered":"ANIVERSARIO N\u00b048 DEL LICEO POLIT\u00c9CNICO LUIS CRUZ MARTINEZ DE PUERTO NATALES"},"content":{"rendered":"\n<p>En la celebraci\u00f3n del aniversario N\u00b048 se encuentra el liceo\npolit\u00e9cnico Luis cruz Mart\u00ednez,&nbsp; es por\neso que la direcci\u00f3n en conjunto con los alumnos ha organizado una&nbsp; agenda nutrida actividades.<\/p>\n\n\n\n<p>Su directora de dicho establecimiento educacional Cristina\nSusi Garrido, &nbsp;en conjunto con la\nPresidenta del Gobierno estudiantil y los candidatos a reinas y reyes, en un\npunto de prensa dieron a conocer las actividades que se desarrollaran durante\nesta semana y la otra.<\/p>\n\n\n\n<p>Algunas Actividades de Aniversario liceo Polit\u00e9cnico\n\u00bb Luis Cruz Mart\u00ednez <\/p>\n\n\n\n<p>Mi\u00e9rcoles 21:<br>\norganizaci\u00f3n de las alianzas &#8211; futsal mixto &#8211; tirar la cuerda&nbsp;<br>\n&#8211; Pruebas sorpresa &#8211; carreras en saco &#8211; encestar al aro.<\/p>\n\n\n\n<p>Jueves 22:&nbsp;<br>\nPrueba Sorpresa &#8211;<br>\nPintar las Salas &#8211; Tenis de Mesa &#8211; Campeonato de Truco &#8211;<br>\nreventar Globos &#8211; Futsal Mixto-Tugar Tugar &#8211; Acci\u00f3n social.<\/p>\n\n\n\n<p>Viernes 23: Prueba Sorpresa &#8211; Desayuno a hogar de\nMenores &#8211;<br>\nHogar de Ancianos &#8211; si se lo sabe cante.<\/p>\n\n\n\n<p>21:00 hrs. Fiesta de Gala y Elecci\u00f3n de Reina y\nalianza Ganadora.<\/p>\n\n\n\n<p>Y junto con celebrar un aniversario m\u00e1s este establecimiento\nse aprovechara tambi\u00e9n conmemorar la semana de la educaci\u00f3n t\u00e9cnico\nprofesional.<\/p>\n\n\n\n<p>&nbsp;En 2019 se cumplen 77\na\u00f1os desde que el Presidente Juan Antonio R\u00edos reconoci\u00f3 la importancia de la\nEducaci\u00f3n T\u00e9cnica en el desarrollo productivo del pa\u00eds, a trav\u00e9s de la creaci\u00f3n\nde la Direcci\u00f3n General de Ense\u00f1anza Profesional, lo que ocurri\u00f3 el 26 de\nagosto de 1942.&nbsp; Luego, en 1947 se fund\u00f3 la Universidad T\u00e9cnica del Estado\n(actual USACH), que agrup\u00f3 la formaci\u00f3n t\u00e9cnica antes ofrecida por las escuelas\nde Artes y Oficios.<\/p>\n\n\n\n<p>Dentro de las actividades de&nbsp;\naniversario, el d\u00eda martes &nbsp;se desarroll\u00f3\nla Feria de admisi\u00f3n 2020, donde se recibieron a alumnos de los diferentes\nestablecimientos de la comuna que quieran postular y ser parte de la comunidad\ndel liceo polit\u00e9cnico, las especialidades que ofrece para el pr\u00f3ximo a\u00f1o son ,turismo &#8211; gastronom\u00eda &#8211; mec\u00e1nica\nautomotriz &#8211; estructuras met\u00e1licas.<\/p>\n\n\n\n<p>Cristina Susi manifest\u00f3 que el Liceo \u201cest\u00e1 en un muy bien pie\ny en una de sus mejores etapas, \u00e9ste viernes reciben parte de los fondos de un\nproyecto ganado de alrededor de noventa millones de pesos por parte del\nministerio de educaci\u00f3n, donde llegaran herramientas para la especialidad de\nmec\u00e1nica automotriz\u201d\u2026.y se gan\u00f3 otro proyecto de convivencia escolar por un\nmonto superior a los dos Millones de pesos\u201d.<\/p>\n\n\n\n<p>En lo netamente acad\u00e9mico Su directora agrego que se ha\nsubido en el simce, &nbsp;lenguaje,\nmatem\u00e1ticas y en ciencias y siente que \u201cen todas las a\u00e9reas se han fortalecido\ny estamos en un excelente pie para continuar fortaleciendo la parte acad\u00e9mica\nla parte art\u00edstica musical, con programas de apoyo como Senda y otros programas\nde la gobernaci\u00f3n que nos ayuda en diferentes tem\u00e1ticas\u201d.<\/p>\n\n\n\n<p>Para pr\u00f3xima semana est\u00e1 la velada aniversario y adem\u00e1s se\nrealizara una charla de la educaci\u00f3n t\u00e9cnico profesional en conjunto secretaria\nministerial de educaci\u00f3n, donde llegaran profesores de otras ciudades de la\nregi\u00f3n.<\/p>\n","protected":false},"excerpt":{"rendered":"<p>En la celebraci\u00f3n del aniversario N\u00b048 se encuentra el liceo polit\u00e9cnico Luis cruz Mart\u00ednez,&nbsp; es por eso que la direcci\u00f3n en conjunto con los alumnos ha organizado una&nbsp; agenda nutrida&#8230; <a class=\"read-more\" href=\"https:\/\/www.radiopresidenteibanez.cl\/web\/aniversario-n48-del-liceo-politecnico-luis-cruz-martinez-de-puerto-natales\/\">Leer m\u00e1s<\/a><\/p>\n","protected":false},"author":2,"featured_media":6518,"comment_status":"closed","ping_status":"closed","sticky":false,"template":"","format":"standard","meta":{"footnotes":""},"categories":[1],"tags":[],"class_list":["post-6517","post","type-post","status-publish","format-standard","has-post-thumbnail","hentry","category-cronica"],"_links":{"self":[{"href":"https:\/\/www.radiopresidenteibanez.cl\/web\/wp-json\/wp\/v2\/posts\/6517","targetHints":{"allow":["GET"]}}],"collection":[{"href":"https:\/\/www.radiopresidenteibanez.cl\/web\/wp-json\/wp\/v2\/posts"}],"about":[{"href":"https:\/\/www.radiopresidenteibanez.cl\/web\/wp-json\/wp\/v2\/types\/post"}],"author":[{"embeddable":true,"href":"https:\/\/www.radiopresidenteibanez.cl\/web\/wp-json\/wp\/v2\/users\/2"}],"replies":[{"embeddable":true,"href":"https:\/\/www.radiopresidenteibanez.cl\/web\/wp-json\/wp\/v2\/comments?post=6517"}],"version-history":[{"count":0,"href":"https:\/\/www.radiopresidenteibanez.cl\/web\/wp-json\/wp\/v2\/posts\/6517\/revisions"}],"wp:featuredmedia":[{"embeddable":true,"href":"https:\/\/www.radiopresidenteibanez.cl\/web\/wp-json\/wp\/v2\/media\/6518"}],"wp:attachment":[{"href":"https:\/\/www.radiopresidenteibanez.cl\/web\/wp-json\/wp\/v2\/media?parent=6517"}],"wp:term":[{"taxonomy":"category","embeddable":true,"href":"https:\/\/www.radiopresidenteibanez.cl\/web\/wp-json\/wp\/v2\/categories?post=6517"},{"taxonomy":"post_tag","embeddable":true,"href":"https:\/\/www.radiopresidenteibanez.cl\/web\/wp-json\/wp\/v2\/tags?post=6517"}],"curies":[{"name":"wp","href":"https:\/\/api.w.org\/{rel}","templated":true}]}}