{"id":6512,"date":"2019-08-21T00:48:52","date_gmt":"2019-08-21T00:48:52","guid":{"rendered":"http:\/\/www.radiopresidenteibanez.cl\/web\/?p=6512"},"modified":"2019-08-21T00:49:01","modified_gmt":"2019-08-21T00:49:01","slug":"procesion-de-jesus-nazareno-se-realizara-este-domingo","status":"publish","type":"post","link":"https:\/\/www.radiopresidenteibanez.cl\/web\/procesion-de-jesus-nazareno-se-realizara-este-domingo\/","title":{"rendered":"PROCESI\u00d3N DE JESUS NAZARENO SE REALIZAR\u00c1 ESTE DOMINGO"},"content":{"rendered":"\n<p>Desde el d\u00eda viernes 16, a las\n20.00 hs. se ha desarrollado el novenario en preparaci\u00f3n a la Fiesta de Jes\u00fas\nNazareno que culmina con la tradicional Procesi\u00f3n del \u00faltimo domingo de agosto\n(domingo 25 este a\u00f1o).<\/p>\n\n\n\n<p>Se informa que el inicio de la\nProcesi\u00f3n es a las 14.30 horas, cualquiera sea el estado del tiempo. El punto\nde partida es el Santuario de Jes\u00fas Nazareno: avda. Circunvalaci\u00f3n esquina de\nSalvador Allende.<\/p>\n\n\n\n<p>Recorrido de la procesi\u00f3n:\nAvda. Circunvalaci\u00f3n, desde el santuario hacia el sur. Gaspar Mar\u00edn, de cerro a\nmar. J. V. Lastarria de sur a norte; Jos\u00e9 Galindo de sur a norte. Juan\nLadrillero de este a oeste, Bah\u00eda Decepci\u00f3n de sur a norte, Pedro B\u00f3rquez de este\na oeste. Avda. Circunvalaci\u00f3n hasta el Santuario.<\/p>\n\n\n\n<p>Las comunidades asisten con la\nimagen de su santo patrono y la \u201cCruz de Chile\u201d<\/p>\n\n\n\n<p>El orden de la procesi\u00f3n se\nenv\u00eda en hoja adjunta, al igual que los temas y predicadores de cada noche de\nla Novena.<\/p>\n\n\n\n<p>El lema que ha movido este a\u00f1o\nes \u201cCaminando con Jes\u00fas Nazareno a la celebraci\u00f3n de la primera misa en tierra\nchilena\u201d,<\/p>\n","protected":false},"excerpt":{"rendered":"<p>Desde el d\u00eda viernes 16, a las 20.00 hs. se ha desarrollado el novenario en preparaci\u00f3n a la Fiesta de Jes\u00fas Nazareno que culmina con la tradicional Procesi\u00f3n del \u00faltimo&#8230; <a class=\"read-more\" href=\"https:\/\/www.radiopresidenteibanez.cl\/web\/procesion-de-jesus-nazareno-se-realizara-este-domingo\/\">Leer m\u00e1s<\/a><\/p>\n","protected":false},"author":2,"featured_media":6513,"comment_status":"closed","ping_status":"closed","sticky":false,"template":"","format":"standard","meta":{"footnotes":""},"categories":[1],"tags":[],"class_list":["post-6512","post","type-post","status-publish","format-standard","has-post-thumbnail","hentry","category-cronica"],"_links":{"self":[{"href":"https:\/\/www.radiopresidenteibanez.cl\/web\/wp-json\/wp\/v2\/posts\/6512","targetHints":{"allow":["GET"]}}],"collection":[{"href":"https:\/\/www.radiopresidenteibanez.cl\/web\/wp-json\/wp\/v2\/posts"}],"about":[{"href":"https:\/\/www.radiopresidenteibanez.cl\/web\/wp-json\/wp\/v2\/types\/post"}],"author":[{"embeddable":true,"href":"https:\/\/www.radiopresidenteibanez.cl\/web\/wp-json\/wp\/v2\/users\/2"}],"replies":[{"embeddable":true,"href":"https:\/\/www.radiopresidenteibanez.cl\/web\/wp-json\/wp\/v2\/comments?post=6512"}],"version-history":[{"count":0,"href":"https:\/\/www.radiopresidenteibanez.cl\/web\/wp-json\/wp\/v2\/posts\/6512\/revisions"}],"wp:featuredmedia":[{"embeddable":true,"href":"https:\/\/www.radiopresidenteibanez.cl\/web\/wp-json\/wp\/v2\/media\/6513"}],"wp:attachment":[{"href":"https:\/\/www.radiopresidenteibanez.cl\/web\/wp-json\/wp\/v2\/media?parent=6512"}],"wp:term":[{"taxonomy":"category","embeddable":true,"href":"https:\/\/www.radiopresidenteibanez.cl\/web\/wp-json\/wp\/v2\/categories?post=6512"},{"taxonomy":"post_tag","embeddable":true,"href":"https:\/\/www.radiopresidenteibanez.cl\/web\/wp-json\/wp\/v2\/tags?post=6512"}],"curies":[{"name":"wp","href":"https:\/\/api.w.org\/{rel}","templated":true}]}}