{"id":6510,"date":"2019-08-21T00:46:13","date_gmt":"2019-08-21T00:46:13","guid":{"rendered":"http:\/\/www.radiopresidenteibanez.cl\/web\/?p=6510"},"modified":"2019-08-21T00:46:17","modified_gmt":"2019-08-21T00:46:17","slug":"corte-rechazo-recurso-de-proteccion-puesto-por-joana-garnica","status":"publish","type":"post","link":"https:\/\/www.radiopresidenteibanez.cl\/web\/corte-rechazo-recurso-de-proteccion-puesto-por-joana-garnica\/","title":{"rendered":"CORTE RECHAZ\u00d3 RECURSO DE PROTECCI\u00d3N PUESTO POR JOANA GARNICA"},"content":{"rendered":"\n<p>En el escrito, ingresado el pasado 20 de junio y declarado admisible cuatro d\u00edas despu\u00e9s, la madre de Javier pidi\u00f3 que se ordenara al gobierno regional \u201c(\u2026) otorgar en el menor tiempo posible (considerando la urgencia de la operaci\u00f3n de acuerdo a especialistas del Hospital de Boston), los recursos econ\u00f3micos que requiera la operaci\u00f3n de Javier Garnica Villegas mediante el Programa de Ayudas T\u00e9cnicas y Servicios de Apoyo para Personas con Discapacidad en el Children\u2019s Hospital de Boston\u201d.<\/p>\n\n\n\n<p>El fallo, emitido ayer lunes 19 por la sala integrada por los ministros Mar\u00eda Isabel San Mart\u00edn y V\u00edctor Stenger y el fiscal judicial interino Pablo Mi\u00f1o, determin\u00f3 que no se vieron afectados los derechos y garant\u00edas fundamentales invocados, si bien el gobierno regional omiti\u00f3 su deber legal de dar &nbsp;respuesta por escrito a la petici\u00f3n de Joanna Garnica de acceder a fondos del Programa \u201cAyudas T\u00e9cnicas y Servicios de Apoyo para las personas en situaci\u00f3n de Discapacidad\u201d y\/o acceder al Programa de Apoyo a la Discapacidad Infantil.<\/p>\n\n\n\n<p>La Corte tambi\u00e9n estableci\u00f3 como cuesti\u00f3n previa el recurso presentado por la madre de Javier el 6 de diciembre de 2018, acogido por este tribunal de alzada y revocado por la Corte Suprema en marzo de este a\u00f1o.<\/p>\n","protected":false},"excerpt":{"rendered":"<p>En el escrito, ingresado el pasado 20 de junio y declarado admisible cuatro d\u00edas despu\u00e9s, la madre de Javier pidi\u00f3 que se ordenara al gobierno regional \u201c(\u2026) otorgar en el&#8230; <a class=\"read-more\" href=\"https:\/\/www.radiopresidenteibanez.cl\/web\/corte-rechazo-recurso-de-proteccion-puesto-por-joana-garnica\/\">Leer m\u00e1s<\/a><\/p>\n","protected":false},"author":2,"featured_media":740,"comment_status":"closed","ping_status":"closed","sticky":false,"template":"","format":"standard","meta":{"footnotes":""},"categories":[1],"tags":[],"class_list":["post-6510","post","type-post","status-publish","format-standard","has-post-thumbnail","hentry","category-cronica"],"_links":{"self":[{"href":"https:\/\/www.radiopresidenteibanez.cl\/web\/wp-json\/wp\/v2\/posts\/6510","targetHints":{"allow":["GET"]}}],"collection":[{"href":"https:\/\/www.radiopresidenteibanez.cl\/web\/wp-json\/wp\/v2\/posts"}],"about":[{"href":"https:\/\/www.radiopresidenteibanez.cl\/web\/wp-json\/wp\/v2\/types\/post"}],"author":[{"embeddable":true,"href":"https:\/\/www.radiopresidenteibanez.cl\/web\/wp-json\/wp\/v2\/users\/2"}],"replies":[{"embeddable":true,"href":"https:\/\/www.radiopresidenteibanez.cl\/web\/wp-json\/wp\/v2\/comments?post=6510"}],"version-history":[{"count":0,"href":"https:\/\/www.radiopresidenteibanez.cl\/web\/wp-json\/wp\/v2\/posts\/6510\/revisions"}],"wp:featuredmedia":[{"embeddable":true,"href":"https:\/\/www.radiopresidenteibanez.cl\/web\/wp-json\/wp\/v2\/media\/740"}],"wp:attachment":[{"href":"https:\/\/www.radiopresidenteibanez.cl\/web\/wp-json\/wp\/v2\/media?parent=6510"}],"wp:term":[{"taxonomy":"category","embeddable":true,"href":"https:\/\/www.radiopresidenteibanez.cl\/web\/wp-json\/wp\/v2\/categories?post=6510"},{"taxonomy":"post_tag","embeddable":true,"href":"https:\/\/www.radiopresidenteibanez.cl\/web\/wp-json\/wp\/v2\/tags?post=6510"}],"curies":[{"name":"wp","href":"https:\/\/api.w.org\/{rel}","templated":true}]}}