{"id":6477,"date":"2019-08-20T14:38:52","date_gmt":"2019-08-20T14:38:52","guid":{"rendered":"http:\/\/www.radiopresidenteibanez.cl\/web\/?p=6477"},"modified":"2019-08-20T14:38:57","modified_gmt":"2019-08-20T14:38:57","slug":"expertos-entregaron-insumos-para-potenciales-objetos-biologicos-de-conservacion-del-parque-y-reserva-nacional-kawesqar","status":"publish","type":"post","link":"https:\/\/www.radiopresidenteibanez.cl\/web\/expertos-entregaron-insumos-para-potenciales-objetos-biologicos-de-conservacion-del-parque-y-reserva-nacional-kawesqar\/","title":{"rendered":"EXPERTOS ENTREGARON INSUMOS PARA POTENCIALES OBJETOS BIOL\u00d3GICOS DE CONSERVACI\u00d3N DEL PARQUE Y RESERVA NACIONAL KAW\u00c9SQAR"},"content":{"rendered":"\n<p>Expertos de diversas organizaciones e instituciones de Magallanes participaron de&nbsp; una jornada convocada por CONAF para debatir y proponer los objetos biol\u00f3gicos que deb\u00edan ser considerados al elaborar el plan de manejo para el Parque Nacional y Reserva Nacional Kaw\u00e9sqar.<\/p>\n\n\n\n<p>CONAF es la instituci\u00f3n encargada de la administraci\u00f3n de los reci\u00e9n creados Parque Nacional y Reserva Nacional Kaw\u00e9sqar, ambas constituidas por un extenso territorio y mar\u00edtorio que suman casi 5 millones y medio de hect\u00e1reas, abarcando las Provincias de \u00daltima Esperanza, Ant\u00e1rtica y Punta Arenas.<\/p>\n\n\n\n<p>El taller, organizado por el Departamento de \u00c1reas Silvestres Protegidas de Oficina Provincial en Puerto Natales de CONAF, tuvo una primera parte de exposiciones a cargo de profesionales de la instituci\u00f3n, quienes dieron a conocer diversas caracter\u00edsticas de las actuales \u00e1reas silvestres protegidas.<\/p>\n\n\n\n<p>Mientras que en una segunda parte del taller, se constituyeron dos grupos de trabajo, una con expertos vinculados a temas de \u00e1reas marinas enfoc\u00e1ndose a la Reserva Nacional Kaw\u00e9sqar, y otro, con expertos en sectores terrestres grupos de trabajo que abordo el Parque Nacional Kaw\u00e9sqar, quienes propusieron seg\u00fan su experiencia y estudios en la zona cuales a su parecer deb\u00edan ser los objetos de conservaci\u00f3n biol\u00f3gicos de los planes de manejo, considerando como algunos de los criterios, el estado de conservaci\u00f3n,&nbsp; as\u00ed como tambi\u00e9n las amenazas presente que afectan los elementos clave de la biodiversidad y recursos culturales.<\/p>\n\n\n\n<p>La planificaci\u00f3n que lleva CONAF, es un proceso que incluye en las siguientes etapas, adem\u00e1s, a los objetos culturales de conservaci\u00f3n, es decir, aquellos elementos hist\u00f3ricos o de valor antropol\u00f3gico que tienen un significado de pertenencia con las comunidades que habitaron o habitan la zona donde se ubican estas \u00e1reas silvestres protegidas.<\/p>\n\n\n\n<p>Una vez recolectados estos antecedentes aportados por los expertos, ser\u00e1n las comunidades ind\u00edgenas las encargadas de definir junto a CONAF cu\u00e1les ser\u00e1n los objetos de conservaci\u00f3n biol\u00f3gicos en el plan de manejo. As\u00ed lo explic\u00f3, Rodrigo Rodr\u00edguez, Encargado Provincial de \u00c1reas Silvestres Protegidas de CONAF y uno de los coordinadores del taller.<\/p>\n\n\n\n<p>\u201cAprovechando que&nbsp; hay una gran variedad de expertos, dividimos los grupos de trabajos de acuerdo a las competencias mar\u00edtimas y terrestres para abordar de mejor manera cada \u00e1mbito y as\u00ed, en una jornada&nbsp; que fue larga, obtener mayor cantidad de propuestas de objetos de conservaci\u00f3n los que van a pasar por este proceso&nbsp; de filtro y a su vez validaci\u00f3n de la comunidad ind\u00edgena\u201d<\/p>\n\n\n\n<p>Cabe se\u00f1alar que CONAF lidera la elaboraci\u00f3n de todos los planes de manejos de las \u00e1reas silvestres protegidas del Estado y que, en la actualidad, para este fin desarrolla una metodolog\u00eda de Est\u00e1ndares Abiertos que busca fortalecer la participaci\u00f3n de las comunidades vinculadas a estos territorios. Por esta raz\u00f3n, realiza talleres participativos con la comunidad local organizada para recibir propuestas, as\u00ed como en el caso del Parque Nacional y Reserva Nacional Kaw\u00e9sqar, coordinar e informar las distintas a las comunidades originarias.<\/p>\n","protected":false},"excerpt":{"rendered":"<p>Expertos de diversas organizaciones e instituciones de Magallanes participaron de&nbsp; una jornada convocada por CONAF para debatir y proponer los objetos biol\u00f3gicos que deb\u00edan ser considerados al elaborar el plan&#8230; <a class=\"read-more\" href=\"https:\/\/www.radiopresidenteibanez.cl\/web\/expertos-entregaron-insumos-para-potenciales-objetos-biologicos-de-conservacion-del-parque-y-reserva-nacional-kawesqar\/\">Leer m\u00e1s<\/a><\/p>\n","protected":false},"author":2,"featured_media":6478,"comment_status":"closed","ping_status":"closed","sticky":false,"template":"","format":"standard","meta":{"footnotes":""},"categories":[1],"tags":[],"class_list":["post-6477","post","type-post","status-publish","format-standard","has-post-thumbnail","hentry","category-cronica"],"_links":{"self":[{"href":"https:\/\/www.radiopresidenteibanez.cl\/web\/wp-json\/wp\/v2\/posts\/6477","targetHints":{"allow":["GET"]}}],"collection":[{"href":"https:\/\/www.radiopresidenteibanez.cl\/web\/wp-json\/wp\/v2\/posts"}],"about":[{"href":"https:\/\/www.radiopresidenteibanez.cl\/web\/wp-json\/wp\/v2\/types\/post"}],"author":[{"embeddable":true,"href":"https:\/\/www.radiopresidenteibanez.cl\/web\/wp-json\/wp\/v2\/users\/2"}],"replies":[{"embeddable":true,"href":"https:\/\/www.radiopresidenteibanez.cl\/web\/wp-json\/wp\/v2\/comments?post=6477"}],"version-history":[{"count":0,"href":"https:\/\/www.radiopresidenteibanez.cl\/web\/wp-json\/wp\/v2\/posts\/6477\/revisions"}],"wp:featuredmedia":[{"embeddable":true,"href":"https:\/\/www.radiopresidenteibanez.cl\/web\/wp-json\/wp\/v2\/media\/6478"}],"wp:attachment":[{"href":"https:\/\/www.radiopresidenteibanez.cl\/web\/wp-json\/wp\/v2\/media?parent=6477"}],"wp:term":[{"taxonomy":"category","embeddable":true,"href":"https:\/\/www.radiopresidenteibanez.cl\/web\/wp-json\/wp\/v2\/categories?post=6477"},{"taxonomy":"post_tag","embeddable":true,"href":"https:\/\/www.radiopresidenteibanez.cl\/web\/wp-json\/wp\/v2\/tags?post=6477"}],"curies":[{"name":"wp","href":"https:\/\/api.w.org\/{rel}","templated":true}]}}