{"id":6474,"date":"2019-08-20T14:34:53","date_gmt":"2019-08-20T14:34:53","guid":{"rendered":"http:\/\/www.radiopresidenteibanez.cl\/web\/?p=6474"},"modified":"2019-08-20T14:34:58","modified_gmt":"2019-08-20T14:34:58","slug":"alcaldesa-marisol-andrade-se-reune-con-ministra-del-deporte-en-la-ciudad-de-santiago","status":"publish","type":"post","link":"https:\/\/www.radiopresidenteibanez.cl\/web\/alcaldesa-marisol-andrade-se-reune-con-ministra-del-deporte-en-la-ciudad-de-santiago\/","title":{"rendered":"ALCALDESA MARISOL ANDRADE SE RE\u00daNE CON MINISTRA DEL DEPORTE EN LA CIUDAD DE SANTIAGO"},"content":{"rendered":"\n<p>Hasta la ciudad de Santiago lleg\u00f3 la alcaldesa\nde Porvenir Marisol Andrade C\u00e1rdenas, acompa\u00f1ada de la Senadora Carolina Goic,\nquien fue la gestora de esta reuni\u00f3n con la Ministra del deporte Pauline\nKantor, la finalidad fue exponer a la secretaria de estado los diversos\nproyectos y necesidades que tiene la comuna en materia deportiva.<\/p>\n\n\n\n<p>En la oportunidad, y como uno de los temas\nprincipales, la autoridad comunal le coment\u00f3 a la Ministra de Estado sobre el\ndise\u00f1o del futuro gimnasio padre Mario Zavattaro, en especifico sobre la\ncapacidad del recinto deportivo y las diferente disciplinas deportivas que debe\ncontemplar dicho espacio. Otro de los puntos abordados fue la situaci\u00f3n del\nterreno donde se emplazar\u00eda el gimnasio para clarificar y no tener alg\u00fan tipo\nde problemas cuando comience su ejecuci\u00f3n, y por \u00faltimo se planteo algo que\ninquieta principalmente a los deportistas, como son los juegos deportivos\nescolares que se realizan en \u00e9poca invernal. La jefa comunal le expuso a la\nMinistra que pasa con aquellas comunas como el caso de Porvenir, que por malas\ncondiciones clim\u00e1ticas no pueden ir a determinados encuentros deportivos y esto\npara que se considere la situaci\u00f3n particular de algunas zonas lejanas como la\nnuestra y no se castigue como se\u00f1alan las bases.<\/p>\n\n\n\n<p>Al respecto, la autoridad edilicia se\u00f1al\u00f3 \u201cque existi\u00f3\nuna muy buena acogida por parte de la Ministra Kantor, ella se comprometi\u00f3\nabsolutamente que nuestra ciudad cuente con su gimnasio y con los 990 asientos\nque contempla el dise\u00f1o del recinto deportivo\u201d. Agreg\u00f3 la alcaldesa, \u201csal\u00ed\ncontenta y tranquila de esta reuni\u00f3n y vamos a seguir avanzando en concretar lo\nantes posible la construcci\u00f3n de este anhelado recinto deportivo para nuestra\nciudad\u201d. <\/p>\n","protected":false},"excerpt":{"rendered":"<p>Hasta la ciudad de Santiago lleg\u00f3 la alcaldesa de Porvenir Marisol Andrade C\u00e1rdenas, acompa\u00f1ada de la Senadora Carolina Goic, quien fue la gestora de esta reuni\u00f3n con la Ministra del&#8230; <a class=\"read-more\" href=\"https:\/\/www.radiopresidenteibanez.cl\/web\/alcaldesa-marisol-andrade-se-reune-con-ministra-del-deporte-en-la-ciudad-de-santiago\/\">Leer m\u00e1s<\/a><\/p>\n","protected":false},"author":2,"featured_media":6475,"comment_status":"closed","ping_status":"closed","sticky":false,"template":"","format":"standard","meta":{"footnotes":""},"categories":[1],"tags":[],"class_list":["post-6474","post","type-post","status-publish","format-standard","has-post-thumbnail","hentry","category-cronica"],"_links":{"self":[{"href":"https:\/\/www.radiopresidenteibanez.cl\/web\/wp-json\/wp\/v2\/posts\/6474","targetHints":{"allow":["GET"]}}],"collection":[{"href":"https:\/\/www.radiopresidenteibanez.cl\/web\/wp-json\/wp\/v2\/posts"}],"about":[{"href":"https:\/\/www.radiopresidenteibanez.cl\/web\/wp-json\/wp\/v2\/types\/post"}],"author":[{"embeddable":true,"href":"https:\/\/www.radiopresidenteibanez.cl\/web\/wp-json\/wp\/v2\/users\/2"}],"replies":[{"embeddable":true,"href":"https:\/\/www.radiopresidenteibanez.cl\/web\/wp-json\/wp\/v2\/comments?post=6474"}],"version-history":[{"count":0,"href":"https:\/\/www.radiopresidenteibanez.cl\/web\/wp-json\/wp\/v2\/posts\/6474\/revisions"}],"wp:featuredmedia":[{"embeddable":true,"href":"https:\/\/www.radiopresidenteibanez.cl\/web\/wp-json\/wp\/v2\/media\/6475"}],"wp:attachment":[{"href":"https:\/\/www.radiopresidenteibanez.cl\/web\/wp-json\/wp\/v2\/media?parent=6474"}],"wp:term":[{"taxonomy":"category","embeddable":true,"href":"https:\/\/www.radiopresidenteibanez.cl\/web\/wp-json\/wp\/v2\/categories?post=6474"},{"taxonomy":"post_tag","embeddable":true,"href":"https:\/\/www.radiopresidenteibanez.cl\/web\/wp-json\/wp\/v2\/tags?post=6474"}],"curies":[{"name":"wp","href":"https:\/\/api.w.org\/{rel}","templated":true}]}}